{"id":63801,"date":"2025-05-02T20:18:05","date_gmt":"2025-05-02T18:18:05","guid":{"rendered":"https:\/\/new.villa-arson.fr\/actualites\/2025\/05\/seven-villa-arson-graduates-at-100-lexpo-2025\/"},"modified":"2025-05-02T20:18:20","modified_gmt":"2025-05-02T18:18:20","slug":"seven-villa-arson-graduates-at-100-lexpo-2025","status":"publish","type":"post","link":"https:\/\/new.villa-arson.fr\/en\/actualites\/2025\/05\/seven-villa-arson-graduates-at-100-lexpo-2025\/","title":{"rendered":"Seven Villa Arson graduates at 100% L&#8217;EXPO 2025"},"content":{"rendered":"\n<figure class=\"wp-block-image size-large\"><img decoding=\"async\" width=\"1024\" height=\"576\" src=\"https:\/\/villa-arson-assets.ams3.digitaloceanspaces.com\/production\/app\/uploads\/2025\/03\/11122819\/AtPP_100_16_9_1920x1080px-1-1024x576.jpg\" alt=\"\" class=\"wp-image-60188\" srcset=\"https:\/\/villa-arson-assets.ams3.digitaloceanspaces.com\/production\/app\/uploads\/2025\/03\/11122819\/AtPP_100_16_9_1920x1080px-1-1024x576.jpg 1024w, https:\/\/villa-arson-assets.ams3.digitaloceanspaces.com\/production\/app\/uploads\/2025\/03\/11122819\/AtPP_100_16_9_1920x1080px-1-300x169.jpg 300w, https:\/\/villa-arson-assets.ams3.digitaloceanspaces.com\/production\/app\/uploads\/2025\/03\/11122819\/AtPP_100_16_9_1920x1080px-1-768x432.jpg 768w, https:\/\/villa-arson-assets.ams3.digitaloceanspaces.com\/production\/app\/uploads\/2025\/03\/11122819\/AtPP_100_16_9_1920x1080px-1-1536x864.jpg 1536w, https:\/\/villa-arson-assets.ams3.digitaloceanspaces.com\/production\/app\/uploads\/2025\/03\/11122819\/AtPP_100_16_9_1920x1080px-1-400x225.jpg 400w, https:\/\/villa-arson-assets.ams3.digitaloceanspaces.com\/production\/app\/uploads\/2025\/03\/11122819\/AtPP_100_16_9_1920x1080px-1-600x338.jpg 600w, https:\/\/villa-arson-assets.ams3.digitaloceanspaces.com\/production\/app\/uploads\/2025\/03\/11122819\/AtPP_100_16_9_1920x1080px-1.jpg 1920w\" sizes=\"(max-width: 1024px) 100vw, 1024px\" \/><\/figure>\n\n<p>From April 10 to May 11, 2025, La Villette hosts the exhibition 100% L&#8217;EXPO.<br\/>Seven Villa Arson graduates have been selected to take part in this exhibition: L\u00e9o Dupr\u00e9, Valentine Gardiennet, Emika Lannelongue, Carlota Sandoval-Lizarralde, Romain Ravera, Sofia Rocha Mondragon and Murphy Yum.<\/p>\n\n<h3 class=\"wp-block-heading\">L\u00e9o Dupr\u00e9<\/h3>\n\n<p>Nourished by legends, L\u00e9o Dupr\u00e9&#8217;s soft sculptures appear to be gateways to occult journeys. His sinuously curved works are decorated with a collection of small manufactured or salvaged objects. These evolve over the course of the work&#8217;s life, acting as talismans announcing the universe it conceals. L\u00e9o&#8217;s thick, brightly-colored fleece canvases are the fleecy totems of a New Hell &#8211; a happy hell &#8211; around which to gather. In this post-apocalyptic context, he is interested in the aesthetics of outdoor equipment and its survivalist connotations, useful for crossing the lores he projects.    <\/p>\n\n<figure class=\"wp-block-image size-large\"><img decoding=\"async\" width=\"1024\" height=\"989\" src=\"https:\/\/villa-arson-assets.ams3.digitaloceanspaces.com\/production\/app\/uploads\/2025\/03\/31102324\/nightmare-Fuel-Insta-2-1-1024x989.jpg\" alt=\"\" class=\"wp-image-62004\" srcset=\"https:\/\/villa-arson-assets.ams3.digitaloceanspaces.com\/production\/app\/uploads\/2025\/03\/31102324\/nightmare-Fuel-Insta-2-1-1024x989.jpg 1024w, https:\/\/villa-arson-assets.ams3.digitaloceanspaces.com\/production\/app\/uploads\/2025\/03\/31102324\/nightmare-Fuel-Insta-2-1-300x290.jpg 300w, https:\/\/villa-arson-assets.ams3.digitaloceanspaces.com\/production\/app\/uploads\/2025\/03\/31102324\/nightmare-Fuel-Insta-2-1-768x742.jpg 768w, https:\/\/villa-arson-assets.ams3.digitaloceanspaces.com\/production\/app\/uploads\/2025\/03\/31102324\/nightmare-Fuel-Insta-2-1-600x580.jpg 600w, https:\/\/villa-arson-assets.ams3.digitaloceanspaces.com\/production\/app\/uploads\/2025\/03\/31102324\/nightmare-Fuel-Insta-2-1.jpg 1118w\" sizes=\"(max-width: 1024px) 100vw, 1024px\" \/><figcaption class=\"wp-element-caption\">L\u00e9o Dupr\u00e9, Nightmare Fuel, Installation view. Fabrics, polymer clay, wadding, cord, rotating platform, metal. Sewing, embroidery, modeling, welding. 250x250x80cm.    2024.<\/figcaption><\/figure>\n\n<h3 class=\"wp-block-heading\">Valentine Gardiennet<\/h3>\n\n<p>Valentine Gardiennet graduated from the Villa Arson in Nice in 2020 and is a resident at the Wonder workshops in Clichy. Her installations combine physical fabrication techniques, from molding and modeling to ceramic processing, with improvised, makeshift techniques such as papier-m\u00e2ch\u00e9, chicken wire and silicone. In a play on scale that oscillates between enlargement and shrinkage, Valentine Gardiennet transposes her notebook drawings into three-dimensional objects, mischievously hijacking the elements of reality that inhabit our everyday lives. She deploys a universally comprehensible vocabulary in space through playlets with popular references from TV series, comic strips and fairy tales.   <\/p>\n\n<figure class=\"wp-block-image size-large\"><img decoding=\"async\" width=\"1024\" height=\"994\" src=\"https:\/\/villa-arson-assets.ams3.digitaloceanspaces.com\/production\/app\/uploads\/2025\/03\/31102312\/GARDIENNET-Valentine-VALLEES-FANTOMES-ph-oto-Salim-Santa-Lucia-2023-Villa-Arson-1-1024x994.jpg\" alt=\"\" class=\"wp-image-61998\" srcset=\"https:\/\/villa-arson-assets.ams3.digitaloceanspaces.com\/production\/app\/uploads\/2025\/03\/31102312\/GARDIENNET-Valentine-VALLEES-FANTOMES-ph-oto-Salim-Santa-Lucia-2023-Villa-Arson-1-1024x994.jpg 1024w, https:\/\/villa-arson-assets.ams3.digitaloceanspaces.com\/production\/app\/uploads\/2025\/03\/31102312\/GARDIENNET-Valentine-VALLEES-FANTOMES-ph-oto-Salim-Santa-Lucia-2023-Villa-Arson-1-300x291.jpg 300w, https:\/\/villa-arson-assets.ams3.digitaloceanspaces.com\/production\/app\/uploads\/2025\/03\/31102312\/GARDIENNET-Valentine-VALLEES-FANTOMES-ph-oto-Salim-Santa-Lucia-2023-Villa-Arson-1-768x746.jpg 768w, https:\/\/villa-arson-assets.ams3.digitaloceanspaces.com\/production\/app\/uploads\/2025\/03\/31102312\/GARDIENNET-Valentine-VALLEES-FANTOMES-ph-oto-Salim-Santa-Lucia-2023-Villa-Arson-1-299x290.jpg 299w, https:\/\/villa-arson-assets.ams3.digitaloceanspaces.com\/production\/app\/uploads\/2025\/03\/31102312\/GARDIENNET-Valentine-VALLEES-FANTOMES-ph-oto-Salim-Santa-Lucia-2023-Villa-Arson-1-600x583.jpg 600w, https:\/\/villa-arson-assets.ams3.digitaloceanspaces.com\/production\/app\/uploads\/2025\/03\/31102312\/GARDIENNET-Valentine-VALLEES-FANTOMES-ph-oto-Salim-Santa-Lucia-2023-Villa-Arson-1.jpg 1373w\" sizes=\"(max-width: 1024px) 100vw, 1024px\" \/><figcaption class=\"wp-element-caption\">Valentine Gardiennet, Ghost valleys, \u00a9ADAGP, Paris, 2025<\/figcaption><\/figure>\n\n<h3 class=\"wp-block-heading\">Emika Lannelongue<\/h3>\n\n<p>Emika Lannelongue, currently based in Paris, graduated from the \u00c9cole nationale sup\u00e9rieure d&#8217;art de la Villa Arson in 2022. Her work revolves around the links between memory and recording, exploring these notions primarily through the photographic medium. Emika questions the many facets of this medium, notably its ability to capture, freeze or transform memories, while playing with its technical and formal limits. By blending personal and collective narratives, she creates works that invite in-depth reflection on these themes. Continuing her research, Emika enriches her visual universe by experimenting with new narrative forms, while emphasizing the intimacy and subtlety of the stories she tells.    <\/p>\n\n<figure class=\"wp-block-image size-large\"><img decoding=\"async\" width=\"683\" height=\"1024\" src=\"https:\/\/villa-arson-assets.ams3.digitaloceanspaces.com\/production\/app\/uploads\/2025\/03\/31102319\/LANNELONGUE_Emika_Faille-4_2022_c-ADAGP-Paris-2025_resultat-683x1024.jpg\" alt=\"\" class=\"wp-image-62001\" srcset=\"https:\/\/villa-arson-assets.ams3.digitaloceanspaces.com\/production\/app\/uploads\/2025\/03\/31102319\/LANNELONGUE_Emika_Faille-4_2022_c-ADAGP-Paris-2025_resultat-683x1024.jpg 683w, https:\/\/villa-arson-assets.ams3.digitaloceanspaces.com\/production\/app\/uploads\/2025\/03\/31102319\/LANNELONGUE_Emika_Faille-4_2022_c-ADAGP-Paris-2025_resultat-200x300.jpg 200w, https:\/\/villa-arson-assets.ams3.digitaloceanspaces.com\/production\/app\/uploads\/2025\/03\/31102319\/LANNELONGUE_Emika_Faille-4_2022_c-ADAGP-Paris-2025_resultat-768x1152.jpg 768w, https:\/\/villa-arson-assets.ams3.digitaloceanspaces.com\/production\/app\/uploads\/2025\/03\/31102319\/LANNELONGUE_Emika_Faille-4_2022_c-ADAGP-Paris-2025_resultat-1024x1536.jpg 1024w, https:\/\/villa-arson-assets.ams3.digitaloceanspaces.com\/production\/app\/uploads\/2025\/03\/31102319\/LANNELONGUE_Emika_Faille-4_2022_c-ADAGP-Paris-2025_resultat-193x290.jpg 193w, https:\/\/villa-arson-assets.ams3.digitaloceanspaces.com\/production\/app\/uploads\/2025\/03\/31102319\/LANNELONGUE_Emika_Faille-4_2022_c-ADAGP-Paris-2025_resultat-600x900.jpg 600w, https:\/\/villa-arson-assets.ams3.digitaloceanspaces.com\/production\/app\/uploads\/2025\/03\/31102319\/LANNELONGUE_Emika_Faille-4_2022_c-ADAGP-Paris-2025_resultat.jpg 1280w\" sizes=\"(max-width: 683px) 100vw, 683px\" \/><figcaption class=\"wp-element-caption\">Emika Lannelongue, Faille 4, \u00a9ADAGP, Paris, 2025<\/figcaption><\/figure>\n\n<h3 class=\"wp-block-heading\">Carlota Sandoval Lizarralde<\/h3>\n\n<p>Born in 1996, Colombian Carlota Sandoval Lizarralde lives and works in Paris. In 2021, she graduated from ENSA Villa Arson (Nice) and won the Prix Pierre Cardin in sculpture from the Acad\u00e9mie des Beaux-Arts. She has benefited from residencies at the Cit\u00e9 internationale des arts (2024, Paris), Ateliers M\u00e9dicis (2024, Aude), Consulat Voltaire (2023, Paris), Maison Artagon (2023, Loiret) and Villa Belleville (2022, Paris). Since September 2024, she has been a resident at Artagon Pantin. In 2025, she took part in 100% La Villette and exhibited again at the Magasins G\u00e9n\u00e9raux and at the Centre Wallonie-Bruxelles as a finalist in the Prix Carr\u00e9 sur Seine. Her second solo show &#8220;Laisse la main cueillir&#8221; will be on view until May 4 in the Plateau Project Room at the Frac Ile-de-France, invited by Ma\u00eblle Dault. Carlota Sandoval Lizarralde is one of five winners of the H\u00f4tel de Craon residency in La Rochelle, financed by the Encore endowment funds.      <\/p>\n\n<figure class=\"wp-block-image size-large\"><img decoding=\"async\" src=\"https:\/\/new.villa-arson.fr\/app\/uploads\/2025\/03\/Ofrendas-Magasins-Generaux-&#xA9;-Marc-Domage_resultat-1024x683.jpg\" alt=\"\" class=\"wp-image-62007\"\/><figcaption class=\"wp-element-caption\">Carlota Sandoval Lizarralde, Ofrendas, Magasins G\u00e9n\u00e9raux, \u00a9Marc Domage<\/figcaption><\/figure>\n\n<h3 class=\"wp-block-heading\">Romain Ravera<\/h3>\n\n<p>Graduating from Villa Arson in 2023, Romain Ravera has set up his studio in the industrial zone of Contes (just outside his native Nice), an environment from which he draws his resources and aesthetics. The 26-year-old artist builds his entire plastic vocabulary from real-life objects stolen from urban outskirts, industrial zones, wastelands and demolition sites. It&#8217;s as if he can still observe the ruins of our contemporary societies in these places.  <\/p>\n\n<figure class=\"wp-block-image size-large\"><img decoding=\"async\" width=\"1024\" height=\"768\" src=\"https:\/\/villa-arson-assets.ams3.digitaloceanspaces.com\/production\/app\/uploads\/2025\/03\/31103200\/RAVERA-Romain-Confiserie-bien-achalandee-detail-2023_resultat-1024x768.jpg\" alt=\"\" class=\"wp-image-62017\" srcset=\"https:\/\/villa-arson-assets.ams3.digitaloceanspaces.com\/production\/app\/uploads\/2025\/03\/31103200\/RAVERA-Romain-Confiserie-bien-achalandee-detail-2023_resultat-1024x768.jpg 1024w, https:\/\/villa-arson-assets.ams3.digitaloceanspaces.com\/production\/app\/uploads\/2025\/03\/31103200\/RAVERA-Romain-Confiserie-bien-achalandee-detail-2023_resultat-300x225.jpg 300w, https:\/\/villa-arson-assets.ams3.digitaloceanspaces.com\/production\/app\/uploads\/2025\/03\/31103200\/RAVERA-Romain-Confiserie-bien-achalandee-detail-2023_resultat-768x576.jpg 768w, https:\/\/villa-arson-assets.ams3.digitaloceanspaces.com\/production\/app\/uploads\/2025\/03\/31103200\/RAVERA-Romain-Confiserie-bien-achalandee-detail-2023_resultat-1536x1152.jpg 1536w, https:\/\/villa-arson-assets.ams3.digitaloceanspaces.com\/production\/app\/uploads\/2025\/03\/31103200\/RAVERA-Romain-Confiserie-bien-achalandee-detail-2023_resultat-387x290.jpg 387w, https:\/\/villa-arson-assets.ams3.digitaloceanspaces.com\/production\/app\/uploads\/2025\/03\/31103200\/RAVERA-Romain-Confiserie-bien-achalandee-detail-2023_resultat-600x450.jpg 600w, https:\/\/villa-arson-assets.ams3.digitaloceanspaces.com\/production\/app\/uploads\/2025\/03\/31103200\/RAVERA-Romain-Confiserie-bien-achalandee-detail-2023_resultat.jpg 1920w\" sizes=\"(max-width: 1024px) 100vw, 1024px\" \/><figcaption class=\"wp-element-caption\">Romain Ravera, well-stocked confectionery shop  <\/figcaption><\/figure>\n\n<h3 class=\"wp-block-heading\">Sofia Rocha Mondragon<\/h3>\n\n<p>Sofia Rocha Mondragon was born in Mexico City in 2000. She develops her practice around painting, but is also attracted by other media, such as ceramics and installation. The artist&#8217;s imagination is rooted in personal references and memory, as well as in the stories that shaped her childhood. His compositions are sprinkled with borrowings from Pop(ular) culture, literature, the digital world and painting. She places her images as descendants of magic realism, exploring the bittersweet sensation of memory becoming fantasy. Through transparencies, masks and motifs, she attempts to create a universe on the border between reality and her own fantasy. She seeks to give the viewer an active role in the exhibition space, and also questions the role that hanging can play in creating interactions between canvases, thereby creating new narratives.<\/p>\n\n<figure class=\"wp-block-image size-large\"><img decoding=\"async\" width=\"1024\" height=\"576\" src=\"https:\/\/villa-arson-assets.ams3.digitaloceanspaces.com\/production\/app\/uploads\/2025\/03\/31102345\/ROCHA-MONDRAGON-20-Petales-de-Soleil-b-2024-Villa-Arson_resultat-1-1024x576.jpg\" alt=\"\" class=\"wp-image-62013\" srcset=\"https:\/\/villa-arson-assets.ams3.digitaloceanspaces.com\/production\/app\/uploads\/2025\/03\/31102345\/ROCHA-MONDRAGON-20-Petales-de-Soleil-b-2024-Villa-Arson_resultat-1-1024x576.jpg 1024w, https:\/\/villa-arson-assets.ams3.digitaloceanspaces.com\/production\/app\/uploads\/2025\/03\/31102345\/ROCHA-MONDRAGON-20-Petales-de-Soleil-b-2024-Villa-Arson_resultat-1-300x169.jpg 300w, https:\/\/villa-arson-assets.ams3.digitaloceanspaces.com\/production\/app\/uploads\/2025\/03\/31102345\/ROCHA-MONDRAGON-20-Petales-de-Soleil-b-2024-Villa-Arson_resultat-1-768x432.jpg 768w, https:\/\/villa-arson-assets.ams3.digitaloceanspaces.com\/production\/app\/uploads\/2025\/03\/31102345\/ROCHA-MONDRAGON-20-Petales-de-Soleil-b-2024-Villa-Arson_resultat-1-1536x864.jpg 1536w, https:\/\/villa-arson-assets.ams3.digitaloceanspaces.com\/production\/app\/uploads\/2025\/03\/31102345\/ROCHA-MONDRAGON-20-Petales-de-Soleil-b-2024-Villa-Arson_resultat-1-400x225.jpg 400w, https:\/\/villa-arson-assets.ams3.digitaloceanspaces.com\/production\/app\/uploads\/2025\/03\/31102345\/ROCHA-MONDRAGON-20-Petales-de-Soleil-b-2024-Villa-Arson_resultat-1-600x338.jpg 600w, https:\/\/villa-arson-assets.ams3.digitaloceanspaces.com\/production\/app\/uploads\/2025\/03\/31102345\/ROCHA-MONDRAGON-20-Petales-de-Soleil-b-2024-Villa-Arson_resultat-1.jpg 1920w\" sizes=\"(max-width: 1024px) 100vw, 1024px\" \/><figcaption class=\"wp-element-caption\">Sofia Rocha Mondragon, 20 P\u00e9tales de Soleil, Nice, 2024 \u00a9 Cl\u00e9ment H\u00e9mery<\/figcaption><\/figure>\n\n<h3 class=\"wp-block-heading\">Murphy Yum<\/h3>\n\n<p>A 2021 graduate of Villa Arson, Murphy Yum lives and works between Ard\u00e8che and Muju (South Korea). When his installations encounter a tragic gaze, a perceptual gap is created, forming a hidden refuge where personal emotions unfold freely. This tension projects intimate narratives onto the installation, questioning collective memory and social norms. She explores the impact of clumsy, worn-out objects on the individual and civilization, using low-tech methods to redefine their scope. Attracted by the vibrations of disorder-a form of &#8220;domestic diaspora&#8221;-she seeks a balance between chaos and structure. In these moving installations, Murphy collects and manipulates images from shop windows, flyers and the internet to explore &#8220;false nostalgia&#8221;, where fragile memories are artificially revived through familiar objects. His work proposes a fluid, non-hierarchical perception of the world, freed from fixed perspectives.<\/p>\n\n<figure class=\"wp-block-image size-large\"><img decoding=\"async\" width=\"1024\" height=\"682\" src=\"https:\/\/villa-arson-assets.ams3.digitaloceanspaces.com\/production\/app\/uploads\/2025\/03\/02100519\/YUM-Murphy-Keep-your-precious-things-inside-you.-2022-Villa-Arson-1024x682.jpg\" alt=\"\" class=\"wp-image-62063\" srcset=\"https:\/\/villa-arson-assets.ams3.digitaloceanspaces.com\/production\/app\/uploads\/2025\/03\/02100519\/YUM-Murphy-Keep-your-precious-things-inside-you.-2022-Villa-Arson-1024x682.jpg 1024w, https:\/\/villa-arson-assets.ams3.digitaloceanspaces.com\/production\/app\/uploads\/2025\/03\/02100519\/YUM-Murphy-Keep-your-precious-things-inside-you.-2022-Villa-Arson-300x200.jpg 300w, https:\/\/villa-arson-assets.ams3.digitaloceanspaces.com\/production\/app\/uploads\/2025\/03\/02100519\/YUM-Murphy-Keep-your-precious-things-inside-you.-2022-Villa-Arson-768x512.jpg 768w, https:\/\/villa-arson-assets.ams3.digitaloceanspaces.com\/production\/app\/uploads\/2025\/03\/02100519\/YUM-Murphy-Keep-your-precious-things-inside-you.-2022-Villa-Arson-391x260.jpg 391w, https:\/\/villa-arson-assets.ams3.digitaloceanspaces.com\/production\/app\/uploads\/2025\/03\/02100519\/YUM-Murphy-Keep-your-precious-things-inside-you.-2022-Villa-Arson-1536x1024.jpg 1536w, https:\/\/villa-arson-assets.ams3.digitaloceanspaces.com\/production\/app\/uploads\/2025\/03\/02100519\/YUM-Murphy-Keep-your-precious-things-inside-you.-2022-Villa-Arson-400x267.jpg 400w, https:\/\/villa-arson-assets.ams3.digitaloceanspaces.com\/production\/app\/uploads\/2025\/03\/02100519\/YUM-Murphy-Keep-your-precious-things-inside-you.-2022-Villa-Arson-600x400.jpg 600w, https:\/\/villa-arson-assets.ams3.digitaloceanspaces.com\/production\/app\/uploads\/2025\/03\/02100519\/YUM-Murphy-Keep-your-precious-things-inside-you.-2022-Villa-Arson.jpg 1898w\" sizes=\"(max-width: 1024px) 100vw, 1024px\" \/><figcaption class=\"wp-element-caption\">Murphy Yum, Keep your precious things inside you&#8230;, 2022<\/figcaption><\/figure>\n\n<h3 class=\"wp-block-heading\">100% L&#8217;EXPO<\/h3>\n\n<p>Neither a contemporary art fair nor a thematic exhibition, <em>100% L&#8217;EXPO <\/em>is conceived as a non-exhaustive snapshot of young creation, presenting a plurality of profiles and subjects with each new edition. Works by some forty artists are displayed over 3,500 m2 in the Grande Halle de la Villette, in a scenography composed entirely of elements salvaged from previous events. Each year, La Villette collaborates with French art schools to present recently graduated artists.<\/p>\n\n<p>With the aim of showcasing the emerging scene more widely, <em>100% L&#8217;EXPO <\/em>extends invitations each year to collectives, festivals, residencies and the media, to demonstrate the diversity and richness of a contemporary art ecosystem designed by and for young artists. This year&#8217;s two highlights are April 12, with an invitation to the Manifesto XXI media organization for the release of their magazine &#8220;Comment s&#8217;aimer quand c&#8217;est la fin du monde?&#8221;, and a major weekend of performances on April 19 and 20.<\/p>\n\n<h3 class=\"wp-block-heading\">Artist selection  <\/h3>\n\n<p>The artists were selected by a jury comprising C\u00e9dric Fauq, chief curator at CAPC mus\u00e9e d&#8217;art contemporain de Bordeaux, Flora Fettah, art critic and independent curator, Shivay La Multiple, artist who took part in the 2023 edition of <em>100% L&#8217;EXPO<\/em>, and In\u00e8s Geoffroy, exhibition project manager at La Villette and curator.<\/p>\n\n<p><\/p>\n\n<p>For further information, visit the <a href=\"https:\/\/www.lavillette.com\/manifestations\/100-lexpo-2025\/\">La Villette<\/a> website.<\/p>\n<div class=\"align wp-block-contenu-associe\">\n            <div>\n            <div class=\"acf-innerblocks-container\">\n\n<h3 class=\"wp-block-heading\"><\/h3>\n\n<\/div>\n        <\/div>\n        <div class=\"c-a__container grid flex-row grid-cols-1 sm:grid-cols-2 lg:grid-cols-3 gap-4\">\n                            <div class=\"flex flex-col link-container\" data-href=\"https:\/\/new.villa-arson.fr\/en\/school-of-art\/alumni\/\">\n                    <a href=\"https:\/\/new.villa-arson.fr\/en\/school-of-art\/alumni\/\" class=\"contents\">\n                        <div class=\"ratio-16x9\">\n                            <figure><img decoding=\"async\" width=\"400\" height=\"290\" src=\"https:\/\/villa-arson-assets.ams3.digitaloceanspaces.com\/production\/app\/uploads\/2021\/10\/20224333\/IMG_1676-400x290.jpg\" class=\"attachment-post-thumbnail size-post-thumbnail wp-post-image\" alt=\"\" srcset=\"https:\/\/villa-arson-assets.ams3.digitaloceanspaces.com\/production\/app\/uploads\/2021\/10\/20224333\/IMG_1676-400x290.jpg 400w, https:\/\/villa-arson-assets.ams3.digitaloceanspaces.com\/production\/app\/uploads\/2021\/10\/20224333\/IMG_1676-300x217.jpg 300w, https:\/\/villa-arson-assets.ams3.digitaloceanspaces.com\/production\/app\/uploads\/2021\/10\/20224333\/IMG_1676-1024x742.jpg 1024w, https:\/\/villa-arson-assets.ams3.digitaloceanspaces.com\/production\/app\/uploads\/2021\/10\/20224333\/IMG_1676-768x557.jpg 768w, https:\/\/villa-arson-assets.ams3.digitaloceanspaces.com\/production\/app\/uploads\/2021\/10\/20224333\/IMG_1676-600x435.jpg 600w, https:\/\/villa-arson-assets.ams3.digitaloceanspaces.com\/production\/app\/uploads\/2021\/10\/20224333\/IMG_1676.jpg 1170w\" sizes=\"(max-width: 400px) 100vw, 400px\" \/><\/figure>\n                            <div class=\"hover-overlay top-0 left-0 right-0 bottom-0 hidden w-full h-full absolute\"><\/div>\n                        <\/div>\n                        <div class=\"wp-block-button alignleft simple-link\">\n                            <span class=\"wp-block-button__link\">Alumni<\/span>\n                        <\/div>\n                    <\/a>\n                <\/div>\n                            <div class=\"flex flex-col link-container\" data-href=\"https:\/\/new.villa-arson.fr\/en\/school-of-art\/careers\/\">\n                    <a href=\"https:\/\/new.villa-arson.fr\/en\/school-of-art\/careers\/\" class=\"contents\">\n                        <div class=\"ratio-16x9\">\n                            <figure><img decoding=\"async\" width=\"400\" height=\"267\" src=\"https:\/\/villa-arson-assets.ams3.digitaloceanspaces.com\/production\/app\/uploads\/2025\/01\/27131936\/363ConstruireSaPretendue_Montage%C2%A9JcLett-1-400x267.jpg\" class=\"attachment-post-thumbnail size-post-thumbnail wp-post-image\" alt=\"\" srcset=\"https:\/\/villa-arson-assets.ams3.digitaloceanspaces.com\/production\/app\/uploads\/2025\/01\/27131936\/363ConstruireSaPretendue_Montage%C2%A9JcLett-1-400x267.jpg 400w, https:\/\/villa-arson-assets.ams3.digitaloceanspaces.com\/production\/app\/uploads\/2025\/01\/27131936\/363ConstruireSaPretendue_Montage%C2%A9JcLett-1-300x200.jpg 300w, https:\/\/villa-arson-assets.ams3.digitaloceanspaces.com\/production\/app\/uploads\/2025\/01\/27131936\/363ConstruireSaPretendue_Montage%C2%A9JcLett-1-1024x683.jpg 1024w, https:\/\/villa-arson-assets.ams3.digitaloceanspaces.com\/production\/app\/uploads\/2025\/01\/27131936\/363ConstruireSaPretendue_Montage%C2%A9JcLett-1-768x512.jpg 768w, https:\/\/villa-arson-assets.ams3.digitaloceanspaces.com\/production\/app\/uploads\/2025\/01\/27131936\/363ConstruireSaPretendue_Montage%C2%A9JcLett-1-391x260.jpg 391w, https:\/\/villa-arson-assets.ams3.digitaloceanspaces.com\/production\/app\/uploads\/2025\/01\/27131936\/363ConstruireSaPretendue_Montage%C2%A9JcLett-1-1536x1024.jpg 1536w, https:\/\/villa-arson-assets.ams3.digitaloceanspaces.com\/production\/app\/uploads\/2025\/01\/27131936\/363ConstruireSaPretendue_Montage%C2%A9JcLett-1-600x400.jpg 600w, https:\/\/villa-arson-assets.ams3.digitaloceanspaces.com\/production\/app\/uploads\/2025\/01\/27131936\/363ConstruireSaPretendue_Montage%C2%A9JcLett-1.jpg 1920w\" sizes=\"(max-width: 400px) 100vw, 400px\" \/><\/figure>\n                            <div class=\"hover-overlay top-0 left-0 right-0 bottom-0 hidden w-full h-full absolute\"><\/div>\n                        <\/div>\n                        <div class=\"wp-block-button alignleft simple-link\">\n                            <span class=\"wp-block-button__link\">Careers<\/span>\n                        <\/div>\n                    <\/a>\n                <\/div>\n                            <div class=\"flex flex-col link-container\" data-href=\"https:\/\/new.villa-arson.fr\/programmation\/expositions\/sweet-days-of-discipline\/\">\n                    <a href=\"https:\/\/new.villa-arson.fr\/programmation\/expositions\/sweet-days-of-discipline\/\" class=\"contents\">\n                        <div class=\"ratio-16x9\">\n                            <figure><img decoding=\"async\" width=\"400\" height=\"245\" src=\"https:\/\/villa-arson-assets.ams3.digitaloceanspaces.com\/production\/app\/uploads\/2024\/09\/12114049\/BANNIERE-SWEET-DAYS-400x245.jpg\" class=\"attachment-post-thumbnail size-post-thumbnail wp-post-image\" alt=\"\" srcset=\"https:\/\/villa-arson-assets.ams3.digitaloceanspaces.com\/production\/app\/uploads\/2024\/09\/12114049\/BANNIERE-SWEET-DAYS-400x245.jpg 400w, https:\/\/villa-arson-assets.ams3.digitaloceanspaces.com\/production\/app\/uploads\/2024\/09\/12114049\/BANNIERE-SWEET-DAYS-300x183.jpg 300w, https:\/\/villa-arson-assets.ams3.digitaloceanspaces.com\/production\/app\/uploads\/2024\/09\/12114049\/BANNIERE-SWEET-DAYS-1024x626.jpg 1024w, https:\/\/villa-arson-assets.ams3.digitaloceanspaces.com\/production\/app\/uploads\/2024\/09\/12114049\/BANNIERE-SWEET-DAYS-768x470.jpg 768w, https:\/\/villa-arson-assets.ams3.digitaloceanspaces.com\/production\/app\/uploads\/2024\/09\/12114049\/BANNIERE-SWEET-DAYS-1536x939.jpg 1536w, https:\/\/villa-arson-assets.ams3.digitaloceanspaces.com\/production\/app\/uploads\/2024\/09\/12114049\/BANNIERE-SWEET-DAYS-600x367.jpg 600w, https:\/\/villa-arson-assets.ams3.digitaloceanspaces.com\/production\/app\/uploads\/2024\/09\/12114049\/BANNIERE-SWEET-DAYS.jpg 1920w\" sizes=\"(max-width: 400px) 100vw, 400px\" \/><\/figure>\n                            <div class=\"hover-overlay top-0 left-0 right-0 bottom-0 hidden w-full h-full absolute\"><\/div>\n                        <\/div>\n                        <div class=\"wp-block-button alignleft simple-link\">\n                            <span class=\"wp-block-button__link\">Sweet days of Discipline<\/span>\n                        <\/div>\n                    <\/a>\n                <\/div>\n                    <\/div>\n    <\/div>\n","protected":false},"excerpt":{"rendered":"<p>In keeping with its ambition to showcase young artists, La Villette is presenting some forty recent graduates of French art schools in 100% L&#8217;EXPO from April 10 to May 11, 2025.<br \/>\nSeven Villa Arson graduates have been selected to take part in this exhibition: L\u00e9o Dupr\u00e9, Valentine Gardiennet, Emika Lannelongue, Carlota Sandoval-Lizarralde, Romain Ravera, Sofia Rocha Mondragon and Murphy Yum.<\/p>\n","protected":false},"author":977,"featured_media":61042,"comment_status":"open","ping_status":"open","sticky":false,"template":"","format":"standard","meta":{"_acf_changed":false,"_relevanssi_hide_post":"","_relevanssi_hide_content":"","_relevanssi_pin_for_all":"","_relevanssi_pin_keywords":"","_relevanssi_unpin_keywords":"","_relevanssi_related_keywords":"","_relevanssi_related_include_ids":"","_relevanssi_related_exclude_ids":"","_relevanssi_related_no_append":"","_relevanssi_related_not_related":"","_relevanssi_related_posts":"","_relevanssi_noindex_reason":"","footnotes":""},"categories":[288,289],"tags":[],"class_list":["post-63801","post","type-post","status-publish","format-standard","has-post-thumbnail","hentry","category-alumni-en","category-institutional"],"acf":[],"_links":{"self":[{"href":"https:\/\/new.villa-arson.fr\/en\/wp-json\/wp\/v2\/posts\/63801","targetHints":{"allow":["GET"]}}],"collection":[{"href":"https:\/\/new.villa-arson.fr\/en\/wp-json\/wp\/v2\/posts"}],"about":[{"href":"https:\/\/new.villa-arson.fr\/en\/wp-json\/wp\/v2\/types\/post"}],"author":[{"embeddable":true,"href":"https:\/\/new.villa-arson.fr\/en\/wp-json\/wp\/v2\/users\/977"}],"replies":[{"embeddable":true,"href":"https:\/\/new.villa-arson.fr\/en\/wp-json\/wp\/v2\/comments?post=63801"}],"version-history":[{"count":3,"href":"https:\/\/new.villa-arson.fr\/en\/wp-json\/wp\/v2\/posts\/63801\/revisions"}],"predecessor-version":[{"id":63811,"href":"https:\/\/new.villa-arson.fr\/en\/wp-json\/wp\/v2\/posts\/63801\/revisions\/63811"}],"wp:featuredmedia":[{"embeddable":true,"href":"https:\/\/new.villa-arson.fr\/en\/wp-json\/wp\/v2\/media\/61042"}],"wp:attachment":[{"href":"https:\/\/new.villa-arson.fr\/en\/wp-json\/wp\/v2\/media?parent=63801"}],"wp:term":[{"taxonomy":"category","embeddable":true,"href":"https:\/\/new.villa-arson.fr\/en\/wp-json\/wp\/v2\/categories?post=63801"},{"taxonomy":"post_tag","embeddable":true,"href":"https:\/\/new.villa-arson.fr\/en\/wp-json\/wp\/v2\/tags?post=63801"}],"curies":[{"name":"wp","href":"https:\/\/api.w.org\/{rel}","templated":true}]}}