{"id":63802,"date":"2025-05-02T20:18:07","date_gmt":"2025-05-02T18:18:07","guid":{"rendered":"https:\/\/new.villa-arson.fr\/actualites\/2025\/05\/workshop-david-ritzinger-x-inharmonic-orchestra\/"},"modified":"2025-05-02T20:18:20","modified_gmt":"2025-05-02T18:18:20","slug":"workshop-david-ritzinger-x-inharmonic-orchestra","status":"publish","type":"post","link":"https:\/\/new.villa-arson.fr\/en\/actualites\/2025\/05\/workshop-david-ritzinger-x-inharmonic-orchestra\/","title":{"rendered":"workshop David ritzinger x Inharmonic Orchestra"},"content":{"rendered":"\n<figure class=\"wp-block-image size-full\"><img decoding=\"async\" width=\"720\" height=\"720\" src=\"https:\/\/villa-arson-assets.ams3.digitaloceanspaces.com\/production\/app\/uploads\/2025\/03\/28143521\/david-ritzinger-2.jpg\" alt=\"\" class=\"wp-image-61915\" srcset=\"https:\/\/villa-arson-assets.ams3.digitaloceanspaces.com\/production\/app\/uploads\/2025\/03\/28143521\/david-ritzinger-2.jpg 720w, https:\/\/villa-arson-assets.ams3.digitaloceanspaces.com\/production\/app\/uploads\/2025\/03\/28143521\/david-ritzinger-2-300x300.jpg 300w, https:\/\/villa-arson-assets.ams3.digitaloceanspaces.com\/production\/app\/uploads\/2025\/03\/28143521\/david-ritzinger-2-150x150.jpg 150w, https:\/\/villa-arson-assets.ams3.digitaloceanspaces.com\/production\/app\/uploads\/2025\/03\/28143521\/david-ritzinger-2-500x500.jpg 500w, https:\/\/villa-arson-assets.ams3.digitaloceanspaces.com\/production\/app\/uploads\/2025\/03\/28143521\/david-ritzinger-2-290x290.jpg 290w, https:\/\/villa-arson-assets.ams3.digitaloceanspaces.com\/production\/app\/uploads\/2025\/03\/28143521\/david-ritzinger-2-600x600.jpg 600w, https:\/\/villa-arson-assets.ams3.digitaloceanspaces.com\/production\/app\/uploads\/2025\/03\/28143521\/david-ritzinger-2-100x100.jpg 100w\" sizes=\"(max-width: 720px) 100vw, 720px\" \/><figcaption class=\"wp-element-caption\">David Ritzinger<\/figcaption><\/figure>\n\n<p>To celebrate its fifteenth anniversary, the Orchestre Inharmonique de Nice is organizing a concert featuring students from Villa Arson and the \u00c9cole nationale sup\u00e9rieure d&#8217;arts de Paris Cergy, accompanied by special guests Danielle de Picciotto (Love Parade) and Alexander Hacke (Einst\u00fcrzende Neubauten), the Hackedepicciotto duo.<\/p>\n\n<p>To mark the occasion, artist David Ritzinger and a team of students will produce screen-printed posters of the event during a workshop from April 28 to May 2, 2025.<\/p>\n\n<h3 class=\"wp-block-heading\">David Ritzinger<\/h3>\n\n<p>David Ritzinger, born in Reims in 1977, lives in Lille.<\/p>\n\n<p>As a student, he worked both as a record dealer and for the gallery of Alain Buyse (a master silkscreen artist). He discovered silkscreen printing and met many artists. After completing his studies, he tried his hand at working for regional museums as a stage manager and began managing the programming of the Fronti\u00e8re$ gallery, which has the unusual feature of being housed in the heart of a psychiatric ward.<\/p>\n\n<p>Quickly realizing the impossibility of presenting certain artists in institutional venues (politics, sexuality, money, religion), he and a handful of friends decided to set up the Association La Belle \u00c9poque to promote contemporary artistic practices.<\/p>\n\n<p>Today, this association keeps him busy full-time, with a gallery (L&#8217;isol\u00e9e, V. d&#8217;Ascq) and a publishing workshop\/gallery (La Danseuse, Roubaix). He has also designed numerous exhibition scenographies for a variety of venues. For the past ten years, he has been publishing in a variety of ways, although silkscreen has become his main medium.<\/p>\n\n<p>His publishing activities are carried out in direct partnership with artists, and can take many forms: brochures, artists&#8217; books, prints, posters, records, objects&#8230; His silk-screening is based on a technical approach that he adapts to each practice, and a political approach to the autonomous dissemination of singular thoughts. Among the artists with whom he has collaborated: Tom de Pekin, G\u00e9rard Duch\u00eane, Anne Van der Linden, Charles Pennequin, Jo\u00ebl Hubaut, Benjamin Monti, Lydie Jean-Dit-Pannel, Bertrand Mandico, Jacques Villegl\u00e9, Nicolas Tourte, Marc Brunier Mestas&#8230;<\/p>\n\n<h3 class=\"wp-block-heading\">The Nice Inharmonic Orchestra<\/h3>\n\n<p>The arrival of the Hackedepicciotto duo follows a long list of equally prestigious artists who, over the years, have led the Orchestre Inharmonique de Nice in concert. In no particular order, Lee Ranaldo (Sonic Youth), M\u00e9ryll Ampe, Claire Gapenne (aka Terrine), Elodie Lesourd and Lionel Fernandez (Sister Iodine, Contumace), Jean-Marc Foussat, Xavier Boussiron, the Talweg duo, Etienne Jaumet (Zombie-Zombie), Jean-Marc Montera, Pedro Rocha and Charlemagne Palestine.<\/p>\n\n<p>Last but not least, L&#8217;Orchestre Inharmonique de Nice benefits from the unfailing support of music critic Philippe Robert, who has written about L&#8217;Orchestre (ed. Lenka Lente) and accompanies each recording release with a text, two LPs and one double LP for the time being, available via the ldrr.com website.<\/p>\n<div class=\"align wp-block-contenu-associe\">\n            <div>\n            <div class=\"acf-innerblocks-container\">\n\n<h3 class=\"wp-block-heading\"><\/h3>\n\n<\/div>\n        <\/div>\n        <div class=\"c-a__container grid flex-row grid-cols-1 sm:grid-cols-2 lg:grid-cols-3 gap-4\">\n                            <div class=\"flex flex-col link-container\" data-href=\"https:\/\/new.villa-arson.fr\/en\/programmation\/agenda\/concert-by-the-nice-inharmonic-orchestra-x-hackedepicciotto\/\">\n                    <a href=\"https:\/\/new.villa-arson.fr\/en\/programmation\/agenda\/concert-by-the-nice-inharmonic-orchestra-x-hackedepicciotto\/\" class=\"contents\">\n                        <div class=\"ratio-16x9\">\n                            <figure><img decoding=\"async\" width=\"400\" height=\"267\" src=\"https:\/\/villa-arson-assets.ams3.digitaloceanspaces.com\/production\/app\/uploads\/2025\/03\/28142358\/Hackedepicciotto_credit_Mara_von_Kummer_7195_72dpi1-1-400x267.jpg\" class=\"attachment-post-thumbnail size-post-thumbnail wp-post-image\" alt=\"\" srcset=\"https:\/\/villa-arson-assets.ams3.digitaloceanspaces.com\/production\/app\/uploads\/2025\/03\/28142358\/Hackedepicciotto_credit_Mara_von_Kummer_7195_72dpi1-1-400x267.jpg 400w, https:\/\/villa-arson-assets.ams3.digitaloceanspaces.com\/production\/app\/uploads\/2025\/03\/28142358\/Hackedepicciotto_credit_Mara_von_Kummer_7195_72dpi1-1-300x200.jpg 300w, https:\/\/villa-arson-assets.ams3.digitaloceanspaces.com\/production\/app\/uploads\/2025\/03\/28142358\/Hackedepicciotto_credit_Mara_von_Kummer_7195_72dpi1-1-1024x683.jpg 1024w, https:\/\/villa-arson-assets.ams3.digitaloceanspaces.com\/production\/app\/uploads\/2025\/03\/28142358\/Hackedepicciotto_credit_Mara_von_Kummer_7195_72dpi1-1-768x512.jpg 768w, https:\/\/villa-arson-assets.ams3.digitaloceanspaces.com\/production\/app\/uploads\/2025\/03\/28142358\/Hackedepicciotto_credit_Mara_von_Kummer_7195_72dpi1-1-391x260.jpg 391w, https:\/\/villa-arson-assets.ams3.digitaloceanspaces.com\/production\/app\/uploads\/2025\/03\/28142358\/Hackedepicciotto_credit_Mara_von_Kummer_7195_72dpi1-1-1536x1024.jpg 1536w, https:\/\/villa-arson-assets.ams3.digitaloceanspaces.com\/production\/app\/uploads\/2025\/03\/28142358\/Hackedepicciotto_credit_Mara_von_Kummer_7195_72dpi1-1-600x400.jpg 600w, https:\/\/villa-arson-assets.ams3.digitaloceanspaces.com\/production\/app\/uploads\/2025\/03\/28142358\/Hackedepicciotto_credit_Mara_von_Kummer_7195_72dpi1-1.jpg 1920w\" sizes=\"(max-width: 400px) 100vw, 400px\" \/><\/figure>\n                            <div class=\"hover-overlay top-0 left-0 right-0 bottom-0 hidden w-full h-full absolute\"><\/div>\n                        <\/div>\n                        <div class=\"wp-block-button alignleft simple-link\">\n                            <span class=\"wp-block-button__link\">Concert by the Nice Inharmonic Orchestra x Hackedepicciotto<\/span>\n                        <\/div>\n                    <\/a>\n                <\/div>\n                    <\/div>\n    <\/div>\n<div class=\"align wp-block-contenu-associe\">\n            <div>\n            <div class=\"acf-innerblocks-container\">\n\n<h3 class=\"wp-block-heading\">Other articles<\/h3>\n\n<\/div>\n        <\/div>\n        <div class=\"c-a__container grid flex-row grid-cols-1 sm:grid-cols-2 lg:grid-cols-3 gap-4\">\n                            <div class=\"flex flex-col link-container\" data-href=\"https:\/\/new.villa-arson.fr\/en\/actualites\/2025\/05\/cross-workshop-with-ensa-paris-belleville-and-centre-national-de-la-danse\/\">\n                    <a href=\"https:\/\/new.villa-arson.fr\/en\/actualites\/2025\/05\/cross-workshop-with-ensa-paris-belleville-and-centre-national-de-la-danse\/\" class=\"contents\">\n                        <div class=\"ratio-16x9\">\n                            <figure><img decoding=\"async\" width=\"232\" height=\"290\" src=\"https:\/\/villa-arson-assets.ams3.digitaloceanspaces.com\/production\/app\/uploads\/2025\/03\/28124232\/ARSON_057_resultat_1-232x290.jpg\" class=\"attachment-post-thumbnail size-post-thumbnail wp-post-image\" alt=\"\" srcset=\"https:\/\/villa-arson-assets.ams3.digitaloceanspaces.com\/production\/app\/uploads\/2025\/03\/28124232\/ARSON_057_resultat_1-232x290.jpg 232w, https:\/\/villa-arson-assets.ams3.digitaloceanspaces.com\/production\/app\/uploads\/2025\/03\/28124232\/ARSON_057_resultat_1-240x300.jpg 240w, https:\/\/villa-arson-assets.ams3.digitaloceanspaces.com\/production\/app\/uploads\/2025\/03\/28124232\/ARSON_057_resultat_1-819x1024.jpg 819w, https:\/\/villa-arson-assets.ams3.digitaloceanspaces.com\/production\/app\/uploads\/2025\/03\/28124232\/ARSON_057_resultat_1-768x960.jpg 768w, https:\/\/villa-arson-assets.ams3.digitaloceanspaces.com\/production\/app\/uploads\/2025\/03\/28124232\/ARSON_057_resultat_1-1229x1536.jpg 1229w, https:\/\/villa-arson-assets.ams3.digitaloceanspaces.com\/production\/app\/uploads\/2025\/03\/28124232\/ARSON_057_resultat_1-600x750.jpg 600w, https:\/\/villa-arson-assets.ams3.digitaloceanspaces.com\/production\/app\/uploads\/2025\/03\/28124232\/ARSON_057_resultat_1.jpg 1536w\" sizes=\"(max-width: 232px) 100vw, 232px\" \/><\/figure>\n                            <div class=\"hover-overlay top-0 left-0 right-0 bottom-0 hidden w-full h-full absolute\"><\/div>\n                        <\/div>\n                        <div class=\"wp-block-button alignleft simple-link\">\n                            <span class=\"wp-block-button__link\">Cross workshop with Ensa Paris Belleville and Centre National de la Danse<\/span>\n                        <\/div>\n                    <\/a>\n                <\/div>\n                            <div class=\"flex flex-col link-container\" data-href=\"https:\/\/new.villa-arson.fr\/en\/actualites\/2025\/05\/the-garden-exhibition-study-trip-performance-in-stuttgart\/\">\n                    <a href=\"https:\/\/new.villa-arson.fr\/en\/actualites\/2025\/05\/the-garden-exhibition-study-trip-performance-in-stuttgart\/\" class=\"contents\">\n                        <div class=\"ratio-16x9\">\n                            <figure><img decoding=\"async\" width=\"400\" height=\"267\" src=\"https:\/\/villa-arson-assets.ams3.digitaloceanspaces.com\/production\/app\/uploads\/2025\/02\/07115828\/Margot_Genevelle_STUTTGART.4-400x267.jpg\" class=\"attachment-post-thumbnail size-post-thumbnail wp-post-image\" alt=\"\" srcset=\"https:\/\/villa-arson-assets.ams3.digitaloceanspaces.com\/production\/app\/uploads\/2025\/02\/07115828\/Margot_Genevelle_STUTTGART.4-400x267.jpg 400w, https:\/\/villa-arson-assets.ams3.digitaloceanspaces.com\/production\/app\/uploads\/2025\/02\/07115828\/Margot_Genevelle_STUTTGART.4-300x200.jpg 300w, https:\/\/villa-arson-assets.ams3.digitaloceanspaces.com\/production\/app\/uploads\/2025\/02\/07115828\/Margot_Genevelle_STUTTGART.4-1024x683.jpg 1024w, https:\/\/villa-arson-assets.ams3.digitaloceanspaces.com\/production\/app\/uploads\/2025\/02\/07115828\/Margot_Genevelle_STUTTGART.4-768x512.jpg 768w, https:\/\/villa-arson-assets.ams3.digitaloceanspaces.com\/production\/app\/uploads\/2025\/02\/07115828\/Margot_Genevelle_STUTTGART.4-391x260.jpg 391w, https:\/\/villa-arson-assets.ams3.digitaloceanspaces.com\/production\/app\/uploads\/2025\/02\/07115828\/Margot_Genevelle_STUTTGART.4-1536x1024.jpg 1536w, https:\/\/villa-arson-assets.ams3.digitaloceanspaces.com\/production\/app\/uploads\/2025\/02\/07115828\/Margot_Genevelle_STUTTGART.4-600x400.jpg 600w, https:\/\/villa-arson-assets.ams3.digitaloceanspaces.com\/production\/app\/uploads\/2025\/02\/07115828\/Margot_Genevelle_STUTTGART.4.jpg 1920w\" sizes=\"(max-width: 400px) 100vw, 400px\" \/><\/figure>\n                            <div class=\"hover-overlay top-0 left-0 right-0 bottom-0 hidden w-full h-full absolute\"><\/div>\n                        <\/div>\n                        <div class=\"wp-block-button alignleft simple-link\">\n                            <span class=\"wp-block-button__link\">The garden: exhibition, study trip, performance in Stuttgart<\/span>\n                        <\/div>\n                    <\/a>\n                <\/div>\n                            <div class=\"flex flex-col link-container\" data-href=\"https:\/\/new.villa-arson.fr\/en\/actualites\/2025\/05\/carla-barkatz-winner-of-the-prix-essentiel-les-2024\/\">\n                    <a href=\"https:\/\/new.villa-arson.fr\/en\/actualites\/2025\/05\/carla-barkatz-winner-of-the-prix-essentiel-les-2024\/\" class=\"contents\">\n                        <div class=\"ratio-16x9\">\n                            <figure><img decoding=\"async\" width=\"253\" height=\"290\" src=\"https:\/\/villa-arson-assets.ams3.digitaloceanspaces.com\/production\/app\/uploads\/2025\/01\/27115630\/Carla-BARKAT-Photo-C.Saillard-253x290.jpg\" class=\"attachment-post-thumbnail size-post-thumbnail wp-post-image\" alt=\"\" srcset=\"https:\/\/villa-arson-assets.ams3.digitaloceanspaces.com\/production\/app\/uploads\/2025\/01\/27115630\/Carla-BARKAT-Photo-C.Saillard-253x290.jpg 253w, https:\/\/villa-arson-assets.ams3.digitaloceanspaces.com\/production\/app\/uploads\/2025\/01\/27115630\/Carla-BARKAT-Photo-C.Saillard-262x300.jpg 262w, https:\/\/villa-arson-assets.ams3.digitaloceanspaces.com\/production\/app\/uploads\/2025\/01\/27115630\/Carla-BARKAT-Photo-C.Saillard-894x1024.jpg 894w, https:\/\/villa-arson-assets.ams3.digitaloceanspaces.com\/production\/app\/uploads\/2025\/01\/27115630\/Carla-BARKAT-Photo-C.Saillard-768x879.jpg 768w, https:\/\/villa-arson-assets.ams3.digitaloceanspaces.com\/production\/app\/uploads\/2025\/01\/27115630\/Carla-BARKAT-Photo-C.Saillard-1342x1536.jpg 1342w, https:\/\/villa-arson-assets.ams3.digitaloceanspaces.com\/production\/app\/uploads\/2025\/01\/27115630\/Carla-BARKAT-Photo-C.Saillard-600x687.jpg 600w, https:\/\/villa-arson-assets.ams3.digitaloceanspaces.com\/production\/app\/uploads\/2025\/01\/27115630\/Carla-BARKAT-Photo-C.Saillard.jpg 1677w\" sizes=\"(max-width: 253px) 100vw, 253px\" \/><\/figure>\n                            <div class=\"hover-overlay top-0 left-0 right-0 bottom-0 hidden w-full h-full absolute\"><\/div>\n                        <\/div>\n                        <div class=\"wp-block-button alignleft simple-link\">\n                            <span class=\"wp-block-button__link\">Carla Barkatz, winner of the Prix Essentiel-les 2024<\/span>\n                        <\/div>\n                    <\/a>\n                <\/div>\n                    <\/div>\n    <\/div>\n","protected":false},"excerpt":{"rendered":"<p>To celebrate its fifteenth anniversary, the Orchestre Inharmonique de Nice is organizing a concert by students from the Villa Arson and the \u00c9cole nationale sup\u00e9rieure d&#8217;arts de Paris Cergy, accompanied by the Hackedepicciotto duo. To mark the occasion, artist David Ritzinger and a team of students will produce screen-printed posters of the event during a workshop from April 28 to May 2, 2025.<\/p>\n","protected":false},"author":977,"featured_media":61913,"comment_status":"open","ping_status":"open","sticky":false,"template":"","format":"standard","meta":{"_acf_changed":false,"_relevanssi_hide_post":"","_relevanssi_hide_content":"","_relevanssi_pin_for_all":"","_relevanssi_pin_keywords":"","_relevanssi_unpin_keywords":"","_relevanssi_related_keywords":"","_relevanssi_related_include_ids":"","_relevanssi_related_exclude_ids":"","_relevanssi_related_no_append":"","_relevanssi_related_not_related":"","_relevanssi_related_posts":"","_relevanssi_noindex_reason":"","footnotes":""},"categories":[287],"tags":[],"class_list":["post-63802","post","type-post","status-publish","format-standard","has-post-thumbnail","hentry","category-teaching"],"acf":[],"_links":{"self":[{"href":"https:\/\/new.villa-arson.fr\/en\/wp-json\/wp\/v2\/posts\/63802","targetHints":{"allow":["GET"]}}],"collection":[{"href":"https:\/\/new.villa-arson.fr\/en\/wp-json\/wp\/v2\/posts"}],"about":[{"href":"https:\/\/new.villa-arson.fr\/en\/wp-json\/wp\/v2\/types\/post"}],"author":[{"embeddable":true,"href":"https:\/\/new.villa-arson.fr\/en\/wp-json\/wp\/v2\/users\/977"}],"replies":[{"embeddable":true,"href":"https:\/\/new.villa-arson.fr\/en\/wp-json\/wp\/v2\/comments?post=63802"}],"version-history":[{"count":4,"href":"https:\/\/new.villa-arson.fr\/en\/wp-json\/wp\/v2\/posts\/63802\/revisions"}],"predecessor-version":[{"id":63809,"href":"https:\/\/new.villa-arson.fr\/en\/wp-json\/wp\/v2\/posts\/63802\/revisions\/63809"}],"wp:featuredmedia":[{"embeddable":true,"href":"https:\/\/new.villa-arson.fr\/en\/wp-json\/wp\/v2\/media\/61913"}],"wp:attachment":[{"href":"https:\/\/new.villa-arson.fr\/en\/wp-json\/wp\/v2\/media?parent=63802"}],"wp:term":[{"taxonomy":"category","embeddable":true,"href":"https:\/\/new.villa-arson.fr\/en\/wp-json\/wp\/v2\/categories?post=63802"},{"taxonomy":"post_tag","embeddable":true,"href":"https:\/\/new.villa-arson.fr\/en\/wp-json\/wp\/v2\/tags?post=63802"}],"curies":[{"name":"wp","href":"https:\/\/api.w.org\/{rel}","templated":true}]}}