{"id":63812,"date":"2025-05-02T20:20:26","date_gmt":"2025-05-02T18:20:26","guid":{"rendered":"https:\/\/new.villa-arson.fr\/actualites\/2025\/05\/villa-arson-on-the-road-to-ecological-transition\/"},"modified":"2025-05-02T20:20:30","modified_gmt":"2025-05-02T18:20:30","slug":"villa-arson-on-the-road-to-ecological-transition","status":"publish","type":"post","link":"https:\/\/new.villa-arson.fr\/en\/actualites\/2025\/05\/villa-arson-on-the-road-to-ecological-transition\/","title":{"rendered":"Villa Arson on the road to ecological transition"},"content":{"rendered":"\n<figure class=\"wp-block-image size-large\"><img decoding=\"async\" src=\"https:\/\/new.villa-arson.fr\/app\/uploads\/2024\/12\/014VillaArsonMai22&#xA9;JeanchristopheLett-1024x683.jpg\" alt=\"\" class=\"wp-image-56977\"\/><figcaption class=\"wp-element-caption\">JC Lett  <\/figcaption><\/figure>\n\n<p><\/p>\n\n<p>In December 2024, <strong>the innovative<em> Classe Climat<\/em>program was launched at the Villa Arson<\/strong>, with the support of the<a href=\"https:\/\/univ-cotedazur.fr\/\">Universit\u00e9 C\u00f4te d&#8217;Azur<\/a>, as part of the missions carried out by the Vice-Pr\u00e9sidence Transitions Environnementales et Soci\u00e9tales. Aimed at Villa Arson staff, this course is designed to train staff in the challenges of ecological transition and find concrete solutions to reduce the Villa Arson&#8217;s environmental footprint.<\/p>\n\n<p>The Climate Class will take place over a period of five months, from December 2024 to April 2025, including 2 plenary days to launch and close the program and 9 &#8220;solutions&#8221; oriented workshops around the following themes:  <\/p>\n\n<p>&#8211; Building, energy, water <br\/>&#8211; Biodiversity <br\/>&#8211; Food<br\/>&#8211; Eco-production<br\/>&#8211; Evaluation of artistic projects<br\/>&#8211; Cultural and professional mobility <br\/>&#8211; Communication and publishing<br\/>&#8211; Waste<br\/>&#8211; Digital sobriety  <\/p>\n\n<p><\/p>\n\n<h3 class=\"wp-block-heading\">A program designed and hosted by the Les Augures collective<\/h3>\n\n<p><a href=\"https:\/\/lesaugures.com\/\">Les Augures<\/a> supports cultural players in their ecological and social transition, and in their ability to adapt and innovate.<\/p>\n\n<p>\u2192 Laurence Perrillat is an art historian who has worked for 15 years in the contemporary art sector (Palais de Tokyo, Centre Pompidou, Lafayette Anticipations). Today, she accompanies many players in the field of visual arts in their ecological transformation.<\/p>\n\n<p>\u2192 Camille P\u00e8ne supports cultural organizations in their ecological transition, their ability to adapt and innovate through collective intelligence devices that encourage cooperation and experimentation. She has worked for MoMA, La <sup>27e<\/sup> R\u00e9gion, Paris &amp; Co and Cap Digital, notably as director of the Futur en Seine and Futur.e.s in Africa technology innovation festivals.<\/p>\n<div class=\"align wp-block-contenu-associe\">\n            <div>\n            <div class=\"acf-innerblocks-container\">\n\n<h3 class=\"wp-block-heading\">Biodiversity at Villa Arson<\/h3>\n\n<\/div>\n        <\/div>\n        <div class=\"c-a__container grid flex-row grid-cols-1 sm:grid-cols-2 lg:grid-cols-3 gap-4\">\n                            <div class=\"flex flex-col link-container\" data-href=\"https:\/\/new.villa-arson.fr\/actualites\/2023\/11\/des-especes-botaniques-protegees-a-la-villa-arson\/\">\n                    <a href=\"https:\/\/new.villa-arson.fr\/actualites\/2023\/11\/des-especes-botaniques-protegees-a-la-villa-arson\/\" class=\"contents\">\n                        <div class=\"ratio-16x9\">\n                            <figure><img decoding=\"async\" width=\"400\" height=\"266\" src=\"https:\/\/villa-arson-assets.ams3.digitaloceanspaces.com\/production\/app\/uploads\/2023\/11\/08160146\/Ferran-Pestana-cc-by-sa-400x266.jpg\" class=\"attachment-post-thumbnail size-post-thumbnail wp-post-image\" alt=\"\" srcset=\"https:\/\/villa-arson-assets.ams3.digitaloceanspaces.com\/production\/app\/uploads\/2023\/11\/08160146\/Ferran-Pestana-cc-by-sa-400x266.jpg 400w, https:\/\/villa-arson-assets.ams3.digitaloceanspaces.com\/production\/app\/uploads\/2023\/11\/08160146\/Ferran-Pestana-cc-by-sa-300x199.jpg 300w, https:\/\/villa-arson-assets.ams3.digitaloceanspaces.com\/production\/app\/uploads\/2023\/11\/08160146\/Ferran-Pestana-cc-by-sa-1024x681.jpg 1024w, https:\/\/villa-arson-assets.ams3.digitaloceanspaces.com\/production\/app\/uploads\/2023\/11\/08160146\/Ferran-Pestana-cc-by-sa-768x510.jpg 768w, https:\/\/villa-arson-assets.ams3.digitaloceanspaces.com\/production\/app\/uploads\/2023\/11\/08160146\/Ferran-Pestana-cc-by-sa-391x260.jpg 391w, https:\/\/villa-arson-assets.ams3.digitaloceanspaces.com\/production\/app\/uploads\/2023\/11\/08160146\/Ferran-Pestana-cc-by-sa-1536x1021.jpg 1536w, https:\/\/villa-arson-assets.ams3.digitaloceanspaces.com\/production\/app\/uploads\/2023\/11\/08160146\/Ferran-Pestana-cc-by-sa-600x399.jpg 600w, https:\/\/villa-arson-assets.ams3.digitaloceanspaces.com\/production\/app\/uploads\/2023\/11\/08160146\/Ferran-Pestana-cc-by-sa.jpg 1777w\" sizes=\"(max-width: 400px) 100vw, 400px\" \/><\/figure>\n                            <div class=\"hover-overlay top-0 left-0 right-0 bottom-0 hidden w-full h-full absolute\"><\/div>\n                        <\/div>\n                        <div class=\"wp-block-button alignleft simple-link\">\n                            <span class=\"wp-block-button__link\">Des esp\u00e8ces botaniques prot\u00e9g\u00e9es \u00e0 la Villa Arson<\/span>\n                        <\/div>\n                    <\/a>\n                <\/div>\n                    <\/div>\n    <\/div>\n","protected":false},"excerpt":{"rendered":"<p>In December 2024, the innovative Classe Climat program was launched at the Villa Arson. Aimed at Villa Arson staff, this course is designed to train staff in the challenges of ecological transition and find concrete solutions to reduce the Villa Arson&#8217;s environmental footprint.<\/p>\n","protected":false},"author":977,"featured_media":56978,"comment_status":"open","ping_status":"open","sticky":false,"template":"","format":"standard","meta":{"_acf_changed":false,"_relevanssi_hide_post":"","_relevanssi_hide_content":"","_relevanssi_pin_for_all":"","_relevanssi_pin_keywords":"","_relevanssi_unpin_keywords":"","_relevanssi_related_keywords":"","_relevanssi_related_include_ids":"","_relevanssi_related_exclude_ids":"","_relevanssi_related_no_append":"","_relevanssi_related_not_related":"","_relevanssi_related_posts":"","_relevanssi_noindex_reason":"","footnotes":""},"categories":[289,27],"tags":[],"class_list":["post-63812","post","type-post","status-publish","format-standard","has-post-thumbnail","hentry","category-institutional","category-uncategorized"],"acf":[],"_links":{"self":[{"href":"https:\/\/new.villa-arson.fr\/en\/wp-json\/wp\/v2\/posts\/63812","targetHints":{"allow":["GET"]}}],"collection":[{"href":"https:\/\/new.villa-arson.fr\/en\/wp-json\/wp\/v2\/posts"}],"about":[{"href":"https:\/\/new.villa-arson.fr\/en\/wp-json\/wp\/v2\/types\/post"}],"author":[{"embeddable":true,"href":"https:\/\/new.villa-arson.fr\/en\/wp-json\/wp\/v2\/users\/977"}],"replies":[{"embeddable":true,"href":"https:\/\/new.villa-arson.fr\/en\/wp-json\/wp\/v2\/comments?post=63812"}],"version-history":[{"count":1,"href":"https:\/\/new.villa-arson.fr\/en\/wp-json\/wp\/v2\/posts\/63812\/revisions"}],"predecessor-version":[{"id":63817,"href":"https:\/\/new.villa-arson.fr\/en\/wp-json\/wp\/v2\/posts\/63812\/revisions\/63817"}],"wp:featuredmedia":[{"embeddable":true,"href":"https:\/\/new.villa-arson.fr\/en\/wp-json\/wp\/v2\/media\/56978"}],"wp:attachment":[{"href":"https:\/\/new.villa-arson.fr\/en\/wp-json\/wp\/v2\/media?parent=63812"}],"wp:term":[{"taxonomy":"category","embeddable":true,"href":"https:\/\/new.villa-arson.fr\/en\/wp-json\/wp\/v2\/categories?post=63812"},{"taxonomy":"post_tag","embeddable":true,"href":"https:\/\/new.villa-arson.fr\/en\/wp-json\/wp\/v2\/tags?post=63812"}],"curies":[{"name":"wp","href":"https:\/\/api.w.org\/{rel}","templated":true}]}}