{"id":63813,"date":"2025-05-02T20:20:26","date_gmt":"2025-05-02T18:20:26","guid":{"rendered":"https:\/\/new.villa-arson.fr\/actualites\/2025\/05\/carla-barkatz-winner-of-the-prix-essentiel-les-2024\/"},"modified":"2025-05-02T20:20:30","modified_gmt":"2025-05-02T18:20:30","slug":"carla-barkatz-winner-of-the-prix-essentiel-les-2024","status":"publish","type":"post","link":"https:\/\/new.villa-arson.fr\/en\/actualites\/2025\/05\/carla-barkatz-winner-of-the-prix-essentiel-les-2024\/","title":{"rendered":"Carla Barkatz, winner of the Prix Essentiel-les 2024"},"content":{"rendered":"\n<p class=\"has-text-align-center\">&#8220;MIP pilot program &#8211; VILLA ARSON<\/p>\n\n<figure class=\"wp-block-image size-large\"><img decoding=\"async\" width=\"894\" height=\"1024\" src=\"https:\/\/villa-arson-assets.ams3.digitaloceanspaces.com\/production\/app\/uploads\/2025\/01\/27115630\/Carla-BARKAT-Photo-C.Saillard-894x1024.jpg\" alt=\"\" class=\"wp-image-59838\" srcset=\"https:\/\/villa-arson-assets.ams3.digitaloceanspaces.com\/production\/app\/uploads\/2025\/01\/27115630\/Carla-BARKAT-Photo-C.Saillard-894x1024.jpg 894w, https:\/\/villa-arson-assets.ams3.digitaloceanspaces.com\/production\/app\/uploads\/2025\/01\/27115630\/Carla-BARKAT-Photo-C.Saillard-262x300.jpg 262w, https:\/\/villa-arson-assets.ams3.digitaloceanspaces.com\/production\/app\/uploads\/2025\/01\/27115630\/Carla-BARKAT-Photo-C.Saillard-768x879.jpg 768w, https:\/\/villa-arson-assets.ams3.digitaloceanspaces.com\/production\/app\/uploads\/2025\/01\/27115630\/Carla-BARKAT-Photo-C.Saillard-1342x1536.jpg 1342w, https:\/\/villa-arson-assets.ams3.digitaloceanspaces.com\/production\/app\/uploads\/2025\/01\/27115630\/Carla-BARKAT-Photo-C.Saillard-253x290.jpg 253w, https:\/\/villa-arson-assets.ams3.digitaloceanspaces.com\/production\/app\/uploads\/2025\/01\/27115630\/Carla-BARKAT-Photo-C.Saillard-600x687.jpg 600w, https:\/\/villa-arson-assets.ams3.digitaloceanspaces.com\/production\/app\/uploads\/2025\/01\/27115630\/Carla-BARKAT-Photo-C.Saillard.jpg 1677w\" sizes=\"(max-width: 894px) 100vw, 894px\" \/><\/figure>\n\n<p>Carla Barkatz, who graduated from Villa Arson in 2020, is the winner of the Prix Essentiel-les MIP &#8211; VILLA ARSON 2024. This pilot program aims to support emerging creation, by giving Villa Arson alumni the opportunity to experiment in an innovative way with the relationship between artistic creation, the sensory dimension and scientific research, in partnership with the <a href=\"https:\/\/www.museesdegrasse.com\/presentation-du-musee-0\">Mus\u00e9e International de la Parfumerie (MIP)<\/a> and the<a href=\"https:\/\/univ-cotedazur.fr\/laboratoires\/institut-de-chimie-de-nice-icn\"><strong>Institut de Chimie de l&#8217;Universit\u00e9 C\u00f4te d&#8217;Azur<\/strong>.<\/a><\/p>\n\n<p>In this context, Carla Barkatz presents the installation <strong>STEEL LIFE<\/strong> at the Mus\u00e9e International de la Parfumerie (MIP) from January 10 to June 15, 2025. <strong>STEEL LIFE<\/strong>, conceived in 2025, is an installation combining various materials &#8211; raw and sandblasted steel, copper, glass, honed porcelain &#8211; and exploring the notion of porosity. The work also incorporates a copper rust infusion and a three-finger clamp, embodying aesthetic and scientific research that questions social, physical and disciplinary permeability.<\/p>\n\n<h3 class=\"wp-block-heading\"> <strong>A dialogue between art, science and olfactory traditions<\/strong><\/h3>\n\n<p>This installation examines the relationship between contemporary creation and olfactory dimensions by focusing on three main themes:<strong> <\/strong><\/p>\n\n<p>&#8211; <strong>the olfactory tradition<\/strong> of the glove-maker-perfumer, inspired by Simon Barbes&#8217; historical recommendations on the treatment of gloves and skins;<br\/>&#8211; <strong>olfaction in workers&#8217; literature<\/strong>, echoing the stories of R. Linhart, E. Zola, T. Pillon, G. Mungo and S. Veil;<br\/>&#8211; <strong>the medium of ceramics<\/strong>, used as a container and scent diffuser, amplifying the links between materials and senses.<\/p>\n\n<p><\/p>\n\n<h3 class=\"wp-block-heading\"><strong>A program to support emerging creation<\/strong><\/h3>\n\n<p>The <strong>Prix Essentiel-les MIP &#8211; VILLA ARSON<\/strong>, initiated in 2022 by the <strong>Communaut\u00e9 d&#8217;Agglom\u00e9ration du Pays de Grasse (CAPG)<\/strong> and the <strong>Villa Arson<\/strong>, was born of a framework agreement signed by <strong>J\u00e9r\u00f4me Viaud<\/strong>, President of the CAPG, and <strong>Sylvain Lizon<\/strong>, Director of the Villa Arson. This program supports Villa Arson graduates (DNSEP, Master of Art) by enabling them to experiment in innovative ways with the relationship between art and olfaction.<\/p>\n\n<p>Depuis 2023, le projet int\u00e8gre un laboratoire de recherche gr\u00e2ce \u00e0 la collaboration avec l\u2019Universit\u00e9 C\u00f4te d\u2019Azur. Apr\u00e8s\u00a0<strong><a href=\"https:\/\/new.villa-arson.fr\/personne\/alice-magne-2\/\">Alice Magne<\/a><\/strong>\u00a0en 2022 et\u00a0<a href=\"https:\/\/new.villa-arson.fr\/personne\/lise-travere\/\"><strong>Liv Jourdan<\/strong>\u00a0<\/a>en 2023, <a href=\"https:\/\/new.villa-arson.fr\/personne\/carla-barkatz\/\">Carla Barkatz<\/a>, laur\u00e9ate 2024, poursuit cette dynamique en proposant une installation d\u2019une richesse conceptuelle et esth\u00e9tique unique.<\/p>\n\n<figure class=\"wp-block-image size-large\"><img decoding=\"async\" width=\"683\" height=\"1024\" src=\"https:\/\/villa-arson-assets.ams3.digitaloceanspaces.com\/production\/app\/uploads\/2025\/01\/29110709\/essentielles-683x1024.jpg\" alt=\"\" class=\"wp-image-58273\" srcset=\"https:\/\/villa-arson-assets.ams3.digitaloceanspaces.com\/production\/app\/uploads\/2025\/01\/29110709\/essentielles-683x1024.jpg 683w, https:\/\/villa-arson-assets.ams3.digitaloceanspaces.com\/production\/app\/uploads\/2025\/01\/29110709\/essentielles-200x300.jpg 200w, https:\/\/villa-arson-assets.ams3.digitaloceanspaces.com\/production\/app\/uploads\/2025\/01\/29110709\/essentielles-768x1152.jpg 768w, https:\/\/villa-arson-assets.ams3.digitaloceanspaces.com\/production\/app\/uploads\/2025\/01\/29110709\/essentielles-1024x1536.jpg 1024w, https:\/\/villa-arson-assets.ams3.digitaloceanspaces.com\/production\/app\/uploads\/2025\/01\/29110709\/essentielles-193x290.jpg 193w, https:\/\/villa-arson-assets.ams3.digitaloceanspaces.com\/production\/app\/uploads\/2025\/01\/29110709\/essentielles-600x900.jpg 600w, https:\/\/villa-arson-assets.ams3.digitaloceanspaces.com\/production\/app\/uploads\/2025\/01\/29110709\/essentielles.jpg 1280w\" sizes=\"(max-width: 683px) 100vw, 683px\" \/><\/figure>\n","protected":false},"excerpt":{"rendered":"<p>Carla Barkatz, who graduated from Villa Arson in 2020, is the winner of the Prix Essentiel-les MIP &#8211; VILLA ARSON 2024. This pilot program aims to support emerging creation, by giving Villa Arson alumni the opportunity to experiment in an innovative way with the relationship between artistic creation, the sensory dimension and scientific research.<\/p>\n","protected":false},"author":977,"featured_media":59839,"comment_status":"open","ping_status":"open","sticky":false,"template":"","format":"standard","meta":{"_acf_changed":false,"_relevanssi_hide_post":"","_relevanssi_hide_content":"","_relevanssi_pin_for_all":"","_relevanssi_pin_keywords":"","_relevanssi_unpin_keywords":"","_relevanssi_related_keywords":"","_relevanssi_related_include_ids":"","_relevanssi_related_exclude_ids":"","_relevanssi_related_no_append":"","_relevanssi_related_not_related":"","_relevanssi_related_posts":"","_relevanssi_noindex_reason":"","footnotes":""},"categories":[289,290],"tags":[],"class_list":["post-63813","post","type-post","status-publish","format-standard","has-post-thumbnail","hentry","category-institutional","category-partnerships"],"acf":[],"_links":{"self":[{"href":"https:\/\/new.villa-arson.fr\/en\/wp-json\/wp\/v2\/posts\/63813","targetHints":{"allow":["GET"]}}],"collection":[{"href":"https:\/\/new.villa-arson.fr\/en\/wp-json\/wp\/v2\/posts"}],"about":[{"href":"https:\/\/new.villa-arson.fr\/en\/wp-json\/wp\/v2\/types\/post"}],"author":[{"embeddable":true,"href":"https:\/\/new.villa-arson.fr\/en\/wp-json\/wp\/v2\/users\/977"}],"replies":[{"embeddable":true,"href":"https:\/\/new.villa-arson.fr\/en\/wp-json\/wp\/v2\/comments?post=63813"}],"version-history":[{"count":1,"href":"https:\/\/new.villa-arson.fr\/en\/wp-json\/wp\/v2\/posts\/63813\/revisions"}],"predecessor-version":[{"id":63818,"href":"https:\/\/new.villa-arson.fr\/en\/wp-json\/wp\/v2\/posts\/63813\/revisions\/63818"}],"wp:featuredmedia":[{"embeddable":true,"href":"https:\/\/new.villa-arson.fr\/en\/wp-json\/wp\/v2\/media\/59839"}],"wp:attachment":[{"href":"https:\/\/new.villa-arson.fr\/en\/wp-json\/wp\/v2\/media?parent=63813"}],"wp:term":[{"taxonomy":"category","embeddable":true,"href":"https:\/\/new.villa-arson.fr\/en\/wp-json\/wp\/v2\/categories?post=63813"},{"taxonomy":"post_tag","embeddable":true,"href":"https:\/\/new.villa-arson.fr\/en\/wp-json\/wp\/v2\/tags?post=63813"}],"curies":[{"name":"wp","href":"https:\/\/api.w.org\/{rel}","templated":true}]}}