{"id":63819,"date":"2025-05-02T20:20:34","date_gmt":"2025-05-02T18:20:34","guid":{"rendered":"https:\/\/new.villa-arson.fr\/actualites\/2025\/05\/launch-of-the-la-surface-demange-collection\/"},"modified":"2025-05-02T20:20:59","modified_gmt":"2025-05-02T18:20:59","slug":"launch-of-the-la-surface-demange-collection","status":"publish","type":"post","link":"https:\/\/new.villa-arson.fr\/en\/actualites\/2025\/05\/launch-of-the-la-surface-demange-collection\/","title":{"rendered":"Launch of the La surface d\u00e9mange collection"},"content":{"rendered":"\n<figure class=\"wp-block-image size-large\"><img decoding=\"async\" width=\"1024\" height=\"703\" src=\"https:\/\/villa-arson-assets.ams3.digitaloceanspaces.com\/production\/app\/uploads\/2025\/01\/15151638\/Capture-decran-2025-01-14-a-18.20.54-1024x703.jpg\" alt=\"\" class=\"wp-image-57638\" srcset=\"https:\/\/villa-arson-assets.ams3.digitaloceanspaces.com\/production\/app\/uploads\/2025\/01\/15151638\/Capture-decran-2025-01-14-a-18.20.54-1024x703.jpg 1024w, https:\/\/villa-arson-assets.ams3.digitaloceanspaces.com\/production\/app\/uploads\/2025\/01\/15151638\/Capture-decran-2025-01-14-a-18.20.54-300x206.jpg 300w, https:\/\/villa-arson-assets.ams3.digitaloceanspaces.com\/production\/app\/uploads\/2025\/01\/15151638\/Capture-decran-2025-01-14-a-18.20.54-768x527.jpg 768w, https:\/\/villa-arson-assets.ams3.digitaloceanspaces.com\/production\/app\/uploads\/2025\/01\/15151638\/Capture-decran-2025-01-14-a-18.20.54-474x324.jpg 474w, https:\/\/villa-arson-assets.ams3.digitaloceanspaces.com\/production\/app\/uploads\/2025\/01\/15151638\/Capture-decran-2025-01-14-a-18.20.54-1536x1055.jpg 1536w, https:\/\/villa-arson-assets.ams3.digitaloceanspaces.com\/production\/app\/uploads\/2025\/01\/15151638\/Capture-decran-2025-01-14-a-18.20.54-400x275.jpg 400w, https:\/\/villa-arson-assets.ams3.digitaloceanspaces.com\/production\/app\/uploads\/2025\/01\/15151638\/Capture-decran-2025-01-14-a-18.20.54-600x412.jpg 600w, https:\/\/villa-arson-assets.ams3.digitaloceanspaces.com\/production\/app\/uploads\/2025\/01\/15151638\/Capture-decran-2025-01-14-a-18.20.54.jpg 1654w\" sizes=\"(max-width: 1024px) 100vw, 1024px\" \/><\/figure>\n\n<p>Apr\u00e8s la cr\u00e9ation d\u2019une\u00a0<a href=\"https:\/\/lasurfacedemange.new.villa-arson.fr\/articles\" target=\"_blank\" rel=\"noreferrer noopener\">plateforme en ligne\u00a0d\u00e9di\u00e9e aux approches critiques de la p\u00e9dagogie artistique<\/a>, la Villa Arson est heureuse d&#8217;annoncer le lancement\u00a0de\u00a0la collection \u00ab La surface d\u00e9mange \u00bb avec la publication de deux ouvrages:\u00a0<em><a href=\"https:\/\/new.villa-arson.fr\/en\/librairie\/espaces-pedagogiques-alternatifs-de-lutopie-a-linstitutionnalisation\/\" target=\"_blank\" rel=\"noreferrer noopener\">Espaces p\u00e9dagogiques alternatifs : de l\u2019utopie \u00e0 l\u2019institutionnalisation<\/a><\/em>\u00a0d\u2019Anna Colin et\u00a0<em><a href=\"https:\/\/new.villa-arson.fr\/en\/librairie\/feminisme-et-pedagogie-au-coeur-des-formations-artistiques-40-ans-dexperience\/\" target=\"_blank\" rel=\"noreferrer noopener\">F\u00e9minisme et p\u00e9dagogie au c\u0153ur des formations artistiques : 40 ans d\u2019exp\u00e9rience<\/a><\/em>\u00a0de Griselda Pollock. Ces deux ouvrages sont \u00e9galement publi\u00e9s en version anglaise en partenariat avec Sternberg Press \u2013 The MIT Press.<\/p>\n\n<p>Initiated by C\u00e9line Chazalviel and Sophie Orlando, the &#8220;La surface d\u00e9mange&#8221; collection is directed by Alice Dusapin (publishing director) and Sophie Orlando (scientific director) and designed by <em>In the shade of a tree. <\/em> <\/p>\n\n<h3 class=\"wp-block-heading\"><em>Alternative educational spaces: from utopia to institutionalization<\/em> &#8211; Anna Colin<\/h3>\n\n<p>Based on empirical research, <em>Espaces p\u00e9dagogiques alternatifs: de l&#8217;utopie \u00e0 l&#8217;institutionnalisation<\/em> investigates how alternative pedagogical spaces are created, developed and transformed.  <\/p>\n\n<p>Co-founder of the independent art school and community space Open School East, initiated in London in 2013, Anna Colin was its director between 2013 and 2021. In this book, she explores the factors that enable structures to be established, their life cycles, and the possible mismatch between the practices and values that bring them into existence. The survey analyzes the characteristics and prerequisites of what Colin calls &#8220;multi-public educational establishments&#8221;. It also looks at the thorny situations that threaten resolutely alternative projects: the habituation process, the temptation or necessity to expand, fund-raising that undermines the work ethic, longevity, or the simple desire to achieve viability and stability.     <\/p>\n\n<p><em>Espaces p\u00e9dagogiques alternatifs<\/em> sets out to reconceptualize notions of waiting, slowness and longevity, and attempts to define what might benefit cultural practices and the creation of future institutions (or the redesign of existing ones). Rather than equating success with longevity, the author explores institutional models that resist chrononormativity, drawing on social movements, psychotherapy, biology and permaculture. <\/p>\n\n<p>Afterword: interview with Catherine Queloz <br\/>Graphic design: in the shade of a tree<\/p>\n\n<p>French edition published by Villa Arson<br\/>10.5 x 15.5 cm (paperback) \/ 132 pages \/ \u20ac12<\/p>\n\n<p>\u00c9dition anglaise publi\u00e9e par la Villa Arson et <a href=\"https:\/\/mitpress.mit.edu\/9781915609670\/alternative-pedagogical-spaces\/\">Sternberg Press<\/a><br\/>10,5 x 15,5 cm (broch\u00e9) \/ 116 pages \/ 12 \u20ac<br\/>Disponible sur la <a href=\"https:\/\/new.villa-arson.fr\/en\/librairie\/espaces-pedagogiques-alternatifs-de-lutopie-a-linstitutionnalisation\/\">boutique en ligne des \u00e9ditions de la Villa Arson <\/a>et le<a href=\"https:\/\/www.lespressesdureel.com\/ouvrage.php?id=11944&amp;menu=2\"> site des Presses du r\u00e9el\u00a0<\/a><\/p>\n\n<h3 class=\"wp-block-heading\"><em>Feminism and pedagogy at the heart of artistic training: 40 years of experience<\/em> &#8211; Griselda Pollock  <\/h3>\n\n<p><em>Feminism and pedagogy at the heart of art education: 40 years of experience<\/em> brings together two conferences held in 1985 and 2022 by Griselda Pollock.  <\/p>\n\n<p>In her 1985 lecture, Griselda Pollock formulates a critique of the gender politics present in <sup>twentieth-century<\/sup> art education, which, she argues, reinforce the individualistic, masculinist ideology of art&#8217;s capitalist conditions of production. She associates the cult of the author with a lack of recognition of women artists, despite their flagrant participation in modern art. She explores the impact of post-modern criticism and the commitment to feminist art on theories of meaning, subjectivity and the image, as she breaks away from the &#8220;studio&#8221; model. Finally, she argues for &#8220;a feminist intervention in art history&#8221; that can challenge the model centered exclusively on the male artist-hero or the hegemony of formalism in art theory.     <\/p>\n\n<p>Nearly forty years later, in 2022, Griselda Pollock revisits the impact of 1968 and the theoretical revolution provoked by this historic moment, resituating the geopolitical and ideological turning points of 1989, 2001, and more particularly 2007 (release of the iPhone, linked to the Internet and social networks). She identifies a problematic post-2010 trend that she calls (via Derrida) &#8220;instagrammatology&#8221;, and defends a critical analysis of the grammar of social networks, which in her view reduce the spectrum of nuanced thought and perforate the surveillance of ideas.   <\/p>\n\n<p>Afterword: Sophie Orlando<br\/>Graphics: in the shade of a tree<\/p>\n\n<p>French edition published by Villa Arson<br\/>10.5 x 15.5 cm (paperback) \/ 138 pages \/ \u20ac12<\/p>\n\n<p>\u00c9dition anglaise publi\u00e9e par la Villa Arson et <a href=\"https:\/\/mitpress.mit.edu\/9781915609663\/feminism-pedagogy-and-the-studio\/\">Sternberg Press<\/a><br\/>10,5 x 15,5 cm (broch\u00e9) \/ 120 pages \/ 12 \u20ac<br\/>Disponible sur la <a href=\"https:\/\/new.villa-arson.fr\/en\/librairie\/feminisme-et-pedagogie-au-coeur-des-formations-artistiques-40-ans-dexperience\/\">boutique en ligne des \u00e9ditions de la Villa Arson<\/a> et le <a href=\"https:\/\/www.lespressesdureel.com\/ouvrage.php?id=11942&amp;menu=0\">site des Presses du r\u00e9el<\/a><\/p>\n\n<h2 class=\"wp-block-heading\">itchy surface<\/h2>\n\n<h3 class=\"wp-block-heading\">An online platform<\/h3>\n\n<p>La surface d\u00e9mange is a line of research into critical approaches to art education, directed by Sophie Orlando.  <\/p>\n\n<p>From 2020 to 2024, it took the form of a working group on emancipatory pedagogies in art at the national art college, Villa Arson, bringing together Christelle Alin, Flo*Souad Benaddi, C\u00e9line Chazalviel, Gil Lekh and Hani Yikyung.<\/p>\n\n<p>En mars 2024, la Villa Arson lance la <a href=\"https:\/\/lasurfacedemange.new.villa-arson.fr\/articles\">plateforme en ligne <em>La surface d\u00e9mange<\/em><\/a><em>.<\/em> Cette plateforme accueille des contributions sur les formes p\u00e9dagogiques \u00e9mancipatrices issues de diff\u00e9rents milieux dont l&#8217;enseignement sup\u00e9rieur d\u2019art et de design, les centre d\u2019art et les milieux militants artistiques sous la forme d\u2019entretiens, de m\u00e9moires de 4<sup>e<\/sup> ann\u00e9e, de textes de commandes ou encore de cours collectifs.<\/p>\n\n<h3 class=\"wp-block-heading\">A paper collection<\/h3>\n\n<p>In January 2025, the Villa Arson, in conjunction with Sternberg Press &#8211; The MIT Press, launched a paper collection entitled &#8220;La surface d\u00e9mange&#8221; (The surface itches), with the publication of two books: <em>Espaces p\u00e9dagogiques alternatifs: de l&#8217;utopie \u00e0 l&#8217;institutionnalisation (Alternative educational spaces: from utopia to institutionalization<\/em> ) by Anna Colin, and <em>F\u00e9minisme et p\u00e9dagogie au c\u0153ur des formations artistiques: 40 ans d&#8217;exp\u00e9rience (Feminism and pedagogy at the heart of art training: 40 years of experience<\/em> ) by Griselda Pollock.<\/p>\n\n<p>This collection features reflective narratives from pedagogues in art schools, university departments of creative writing and visual arts, art centers and museums &#8211; institutions often considered progressive.  <\/p>\n\n<p>It highlights the transformative possibilities and constraints encountered by emancipatory art pedagogies in visual art, performance, literature, art history, academic research and art criticism, all developed in contexts steeped in coloniality. Taken from a poem by Audre Lorde, the title evokes our desire to question the norms, biases and unthinking of pedagogical forms, but also to bear witness to what they arouse in us.   <\/p>\n\n<p>Initiated by C\u00e9line Chazalviel and Sophie Orlando, the &#8220;La surface d\u00e9mange&#8221; collection is directed by Alice Dusapin (publishing director) and Sophie Orlando (scientific director) and designed by <em>In the shade of a tree. <\/em> <\/p>\n<div class=\"align wp-block-contenu-associe\">\n            <div>\n            <div class=\"acf-innerblocks-container\">\n\n<h3 class=\"wp-block-heading\"><\/h3>\n\n<\/div>\n        <\/div>\n        <div class=\"c-a__container grid flex-row grid-cols-1 sm:grid-cols-2 lg:grid-cols-3 gap-4\">\n                            <div class=\"flex flex-col link-container\" data-href=\"https:\/\/new.villa-arson.fr\/en\/publications\/\">\n                    <a href=\"https:\/\/new.villa-arson.fr\/en\/publications\/\" class=\"contents\">\n                        <div class=\"ratio-16x9\">\n                            <figure><\/figure>\n                            <div class=\"hover-overlay top-0 left-0 right-0 bottom-0 hidden w-full h-full absolute\"><\/div>\n                        <\/div>\n                        <div class=\"wp-block-button alignleft simple-link\">\n                            <span class=\"wp-block-button__link\">Publications<\/span>\n                        <\/div>\n                    <\/a>\n                <\/div>\n                    <\/div>\n    <\/div>\n\n<p><br\/><\/p>\n","protected":false},"excerpt":{"rendered":"<p>Villa Arson is delighted to announce the launch of its &#8220;La surface d\u00e9mange&#8221; collection, with the publication of two books: Espaces p\u00e9dagogiques alternatifs: de l&#8217;utopie \u00e0 l&#8217;institutionnalisation by Anna Colin, and F\u00e9minisme et p\u00e9dagogie au c\u0153ur des formations artistiques: 40 ans d&#8217;exp\u00e9rience by Griselda Pollock. These two books are also published in English in partnership with Sternberg Press &#8211; The MIT Press. <\/p>\n","protected":false},"author":977,"featured_media":57645,"comment_status":"open","ping_status":"open","sticky":false,"template":"","format":"standard","meta":{"_acf_changed":false,"_relevanssi_hide_post":"","_relevanssi_hide_content":"","_relevanssi_pin_for_all":"","_relevanssi_pin_keywords":"","_relevanssi_unpin_keywords":"","_relevanssi_related_keywords":"","_relevanssi_related_include_ids":"","_relevanssi_related_exclude_ids":"","_relevanssi_related_no_append":"","_relevanssi_related_not_related":"","_relevanssi_related_posts":"","_relevanssi_noindex_reason":"","footnotes":""},"categories":[294],"tags":[291],"class_list":["post-63819","post","type-post","status-publish","format-standard","has-post-thumbnail","hentry","category-research","tag-edition-en"],"acf":[],"_links":{"self":[{"href":"https:\/\/new.villa-arson.fr\/en\/wp-json\/wp\/v2\/posts\/63819","targetHints":{"allow":["GET"]}}],"collection":[{"href":"https:\/\/new.villa-arson.fr\/en\/wp-json\/wp\/v2\/posts"}],"about":[{"href":"https:\/\/new.villa-arson.fr\/en\/wp-json\/wp\/v2\/types\/post"}],"author":[{"embeddable":true,"href":"https:\/\/new.villa-arson.fr\/en\/wp-json\/wp\/v2\/users\/977"}],"replies":[{"embeddable":true,"href":"https:\/\/new.villa-arson.fr\/en\/wp-json\/wp\/v2\/comments?post=63819"}],"version-history":[{"count":3,"href":"https:\/\/new.villa-arson.fr\/en\/wp-json\/wp\/v2\/posts\/63819\/revisions"}],"predecessor-version":[{"id":63835,"href":"https:\/\/new.villa-arson.fr\/en\/wp-json\/wp\/v2\/posts\/63819\/revisions\/63835"}],"wp:featuredmedia":[{"embeddable":true,"href":"https:\/\/new.villa-arson.fr\/en\/wp-json\/wp\/v2\/media\/57645"}],"wp:attachment":[{"href":"https:\/\/new.villa-arson.fr\/en\/wp-json\/wp\/v2\/media?parent=63819"}],"wp:term":[{"taxonomy":"category","embeddable":true,"href":"https:\/\/new.villa-arson.fr\/en\/wp-json\/wp\/v2\/categories?post=63819"},{"taxonomy":"post_tag","embeddable":true,"href":"https:\/\/new.villa-arson.fr\/en\/wp-json\/wp\/v2\/tags?post=63819"}],"curies":[{"name":"wp","href":"https:\/\/api.w.org\/{rel}","templated":true}]}}