{"id":63820,"date":"2025-05-02T20:20:36","date_gmt":"2025-05-02T18:20:36","guid":{"rendered":"https:\/\/new.villa-arson.fr\/actualites\/2025\/05\/residence-the-winners-of-the-magnetic-3-program\/"},"modified":"2025-05-02T20:20:59","modified_gmt":"2025-05-02T18:20:59","slug":"residence-the-winners-of-the-magnetic-3-program","status":"publish","type":"post","link":"https:\/\/new.villa-arson.fr\/en\/actualites\/2025\/05\/residence-the-winners-of-the-magnetic-3-program\/","title":{"rendered":"residence: the winners of the Magnetic 3 program"},"content":{"rendered":"\n<figure class=\"wp-block-image size-large\"><img decoding=\"async\" width=\"1024\" height=\"640\" src=\"https:\/\/villa-arson-assets.ams3.digitaloceanspaces.com\/production\/app\/uploads\/2024\/11\/07181022\/duo-1024x640.jpg\" alt=\"\" class=\"wp-image-55398\" srcset=\"https:\/\/villa-arson-assets.ams3.digitaloceanspaces.com\/production\/app\/uploads\/2024\/11\/07181022\/duo-1024x640.jpg 1024w, https:\/\/villa-arson-assets.ams3.digitaloceanspaces.com\/production\/app\/uploads\/2024\/11\/07181022\/duo-300x188.jpg 300w, https:\/\/villa-arson-assets.ams3.digitaloceanspaces.com\/production\/app\/uploads\/2024\/11\/07181022\/duo-768x480.jpg 768w, https:\/\/villa-arson-assets.ams3.digitaloceanspaces.com\/production\/app\/uploads\/2024\/11\/07181022\/duo-400x250.jpg 400w, https:\/\/villa-arson-assets.ams3.digitaloceanspaces.com\/production\/app\/uploads\/2024\/11\/07181022\/duo-600x375.jpg 600w, https:\/\/villa-arson-assets.ams3.digitaloceanspaces.com\/production\/app\/uploads\/2024\/11\/07181022\/duo.jpg 1440w\" sizes=\"(max-width: 1024px) 100vw, 1024px\" \/><figcaption class=\"wp-element-caption\">Photos: Emilia Beatriz (left) <strong>\u00a9<\/strong> Ross Little \/ Violaine Barrois (right) <strong>\u00a9<\/strong> Pierre Girardin<\/figcaption><\/figure>\n\n<p>For its third edition, the Magnetic program has selected artist Emilia Beatriz for a residency at Villa Arson and Violaine Barrois for a residency at Cove Park.<\/p>\n\n<p>Initiated by <a href=\"https:\/\/fluxusartprojects.com\/\">Fluxus Art Projects<\/a>, Magnetic brings together 10 residencies in France and the UK. Now associated with <a href=\"https:\/\/covepark.org\/\">Cove Park<\/a> in Scotland as part of a tandem partnership, the Villa Arson has been part of the scheme since its creation in 2022 by the<a href=\"https:\/\/www.institut-francais.org.uk\/#\/\">Institut fran\u00e7ais du Royaume-Uni<\/a>. <\/p>\n\n<h3 class=\"wp-block-heading\">Emilia Beatriz<\/h3>\n\n<p><a href=\"https:\/\/covepark.org\/residencies\/magnetic-residency-at-villa-arson-2\/\">Emilia Beatriz<\/a> is a Glasgow-based artist from the Puerto Rican diaspora, whose multidisciplinary practice is based on sensory narratives composed of still and moving images, texts, immersive installations and performances. Iel is co-founder of Collective Text, a collective whose actions aim to support accessibility in art and cinema.   <\/p>\n\n<p>During her residency at Villa Arson in February\/March 2025, Emilia Beatriz will deepen her practice of sensory storytelling, creating new characters for speculative narratives about grief, resistance and loss.<\/p>\n\n<h3 class=\"wp-block-heading\">Violaine Barrois<\/h3>\n\n<p><a href=\"https:\/\/violainebarrois.com\/\">Violaine Barrois<\/a> is a French visual artist whose practice questions the relationship between humans and landscape as a lived, transformative experience. Based in Marseille, she explores how landscapes shape our identities, uses and implicit knowledge, while revealing the importance of affective value. <\/p>\n\n<p>During her residency at Cove Park from October 28 to December 20, 2024, Violaine Barrois sets out to redefine the sensory relationship to coastal landscapes in an approach rooted in local cultural and ecological narratives.  <\/p>\n\n<h3 class=\"wp-block-heading\">The Magnetic program<\/h3>\n\n<p>Created in 2022 under the aegis of Fluxus Art Projects, Magnetic is the fruit of a collaboration between the Institut fran\u00e7ais du Royaume-Uni and the British arts funding agencies, the three Arts Councils of England, Wales and Northern Ireland, and Creative Scotland for Scotland, joined by the Institut fran\u00e7ais de Paris, the Ministry of Culture and the British Council.<br\/><br\/>In 2024, Magnetic brings together ten leading art institutions: five in France &#8211; CAPC in Bordeaux, Frac Bretagne in Rennes, Frac Grand Large in Dunkirk, Villa Arson in Nice, B\u00e9tonsalon in Paris &#8211; and five in the UK &#8211; Wysing Arts Centre in England, Flax Art Studios in Northern Ireland, Cove Park in Scotland, Aberystwyth Arts Centre in Wales and Gasworks in London, England. Magnetic is gradually building an expanding network of partner residencies sharing the same commitments and values. <\/p>\n\n<p>Magnetic&#8217;s strengths:<br\/>. A long-term, structuring bilateral cooperation program.<br\/>. A choice of artist residencies supported by eight decentralized art institutions, two in London and two in Paris, that share common values.<br\/>. Contemporary societal and environmental issues are at the heart of the program: artists work according to each specific context &#8211; geographical, historical, societal or artistic.<br\/>. Each artist receives a minimum stipend of 2,500 euros per month for a two-month residency, as well as curatorial support, accommodation and a studio.<br\/>. Tailor-made residencies, designed in consultation with the institutions&#8217; curatorial teams, enable artists to interact with a wide network throughout their stay.       <\/p>\n\n<p><\/p>\n\n<p>Fluxus Art Projects et son programme Magnetic sont soutenus par l\u2019Institut fran\u00e7ais du Royaume-Uni, l\u2019Institut fran\u00e7ais, le minist\u00e8re de la Culture, le minist\u00e8re de l\u2019Europe et des affaires \u00e9trang\u00e8res, Arts Council England, Creative Scotland, Arts Council of Wales \/ Wales Art international, Arts Council of Northern Ireland et le British Council. Fluxus b\u00e9n\u00e9ficie de l\u2019engagement pr\u00e9cieux et fid\u00e8le de ses m\u00e9c\u00e8nes et amis.<a href=\"https:\/\/new.villa-arson.fr\/actualites\/2024\/01\/chizu-anucha\/\"><\/a><\/p>\n<div class=\"align wp-block-contenu-associe\">\n            <div>\n            <div class=\"acf-innerblocks-container\">\n\n<h3 class=\"wp-block-heading\">Previous winners  <\/h3>\n\n<\/div>\n        <\/div>\n        <div class=\"c-a__container grid flex-row grid-cols-1 sm:grid-cols-2 lg:grid-cols-3 gap-4\">\n                            <div class=\"flex flex-col link-container\" data-href=\"https:\/\/new.villa-arson.fr\/actualites\/2022\/11\/zoe-williams\/\">\n                    <a href=\"https:\/\/new.villa-arson.fr\/actualites\/2022\/11\/zoe-williams\/\" class=\"contents\">\n                        <div class=\"ratio-16x9\">\n                            <figure><img decoding=\"async\" width=\"376\" height=\"290\" src=\"https:\/\/villa-arson-assets.ams3.digitaloceanspaces.com\/production\/app\/uploads\/2022\/11\/20220432\/Zoe.Williams_H-376x290.png\" class=\"attachment-post-thumbnail size-post-thumbnail wp-post-image\" alt=\"portrait de Zoe Williams\" srcset=\"https:\/\/villa-arson-assets.ams3.digitaloceanspaces.com\/production\/app\/uploads\/2022\/11\/20220432\/Zoe.Williams_H-376x290.png 376w, https:\/\/villa-arson-assets.ams3.digitaloceanspaces.com\/production\/app\/uploads\/2022\/11\/20220432\/Zoe.Williams_H-300x232.png 300w, https:\/\/villa-arson-assets.ams3.digitaloceanspaces.com\/production\/app\/uploads\/2022\/11\/20220432\/Zoe.Williams_H.png 395w\" sizes=\"(max-width: 376px) 100vw, 376px\" \/><\/figure>\n                            <div class=\"hover-overlay top-0 left-0 right-0 bottom-0 hidden w-full h-full absolute\"><\/div>\n                        <\/div>\n                        <div class=\"wp-block-button alignleft simple-link\">\n                            <span class=\"wp-block-button__link\">Zoe Williams<\/span>\n                        <\/div>\n                    <\/a>\n                <\/div>\n                            <div class=\"flex flex-col link-container\" data-href=\"https:\/\/new.villa-arson.fr\/actualites\/2024\/01\/chizu-anucha\/\">\n                    <a href=\"https:\/\/new.villa-arson.fr\/actualites\/2024\/01\/chizu-anucha\/\" class=\"contents\">\n                        <div class=\"ratio-16x9\">\n                            <figure><img decoding=\"async\" width=\"367\" height=\"290\" src=\"https:\/\/villa-arson-assets.ams3.digitaloceanspaces.com\/production\/app\/uploads\/2024\/01\/26173627\/Chizu-Anucha-credits-Marco-Cornelli-367x290.jpg\" class=\"attachment-post-thumbnail size-post-thumbnail wp-post-image\" alt=\"Portrait noir et blanc de l&#039;artiste pench\u00e9 sur ses platines\" srcset=\"https:\/\/villa-arson-assets.ams3.digitaloceanspaces.com\/production\/app\/uploads\/2024\/01\/26173627\/Chizu-Anucha-credits-Marco-Cornelli-367x290.jpg 367w, https:\/\/villa-arson-assets.ams3.digitaloceanspaces.com\/production\/app\/uploads\/2024\/01\/26173627\/Chizu-Anucha-credits-Marco-Cornelli-300x237.jpg 300w, https:\/\/villa-arson-assets.ams3.digitaloceanspaces.com\/production\/app\/uploads\/2024\/01\/26173627\/Chizu-Anucha-credits-Marco-Cornelli-768x607.jpg 768w, https:\/\/villa-arson-assets.ams3.digitaloceanspaces.com\/production\/app\/uploads\/2024\/01\/26173627\/Chizu-Anucha-credits-Marco-Cornelli-600x474.jpg 600w, https:\/\/villa-arson-assets.ams3.digitaloceanspaces.com\/production\/app\/uploads\/2024\/01\/26173627\/Chizu-Anucha-credits-Marco-Cornelli.jpg 1012w\" sizes=\"(max-width: 367px) 100vw, 367px\" \/><\/figure>\n                            <div class=\"hover-overlay top-0 left-0 right-0 bottom-0 hidden w-full h-full absolute\"><\/div>\n                        <\/div>\n                        <div class=\"wp-block-button alignleft simple-link\">\n                            <span class=\"wp-block-button__link\">Chizu Anucha<\/span>\n                        <\/div>\n                    <\/a>\n                <\/div>\n                    <\/div>\n    <\/div>\n\n<p><\/p>\n","protected":false},"excerpt":{"rendered":"<p>For its third edition, the Magnetic program has selected artist Emilia Beatriz for a residency at Villa Arson and Violaine Barrois for a residency at Cove Park.  <\/p>\n","protected":false},"author":977,"featured_media":55432,"comment_status":"open","ping_status":"open","sticky":false,"template":"","format":"standard","meta":{"_acf_changed":false,"_relevanssi_hide_post":"","_relevanssi_hide_content":"","_relevanssi_pin_for_all":"","_relevanssi_pin_keywords":"","_relevanssi_unpin_keywords":"","_relevanssi_related_keywords":"","_relevanssi_related_include_ids":"","_relevanssi_related_exclude_ids":"","_relevanssi_related_no_append":"","_relevanssi_related_not_related":"","_relevanssi_related_posts":"","_relevanssi_noindex_reason":"","footnotes":""},"categories":[289,27],"tags":[255],"class_list":["post-63820","post","type-post","status-publish","format-standard","has-post-thumbnail","hentry","category-institutional","category-uncategorized","tag-residence-en"],"acf":[],"_links":{"self":[{"href":"https:\/\/new.villa-arson.fr\/en\/wp-json\/wp\/v2\/posts\/63820","targetHints":{"allow":["GET"]}}],"collection":[{"href":"https:\/\/new.villa-arson.fr\/en\/wp-json\/wp\/v2\/posts"}],"about":[{"href":"https:\/\/new.villa-arson.fr\/en\/wp-json\/wp\/v2\/types\/post"}],"author":[{"embeddable":true,"href":"https:\/\/new.villa-arson.fr\/en\/wp-json\/wp\/v2\/users\/977"}],"replies":[{"embeddable":true,"href":"https:\/\/new.villa-arson.fr\/en\/wp-json\/wp\/v2\/comments?post=63820"}],"version-history":[{"count":3,"href":"https:\/\/new.villa-arson.fr\/en\/wp-json\/wp\/v2\/posts\/63820\/revisions"}],"predecessor-version":[{"id":63831,"href":"https:\/\/new.villa-arson.fr\/en\/wp-json\/wp\/v2\/posts\/63820\/revisions\/63831"}],"wp:featuredmedia":[{"embeddable":true,"href":"https:\/\/new.villa-arson.fr\/en\/wp-json\/wp\/v2\/media\/55432"}],"wp:attachment":[{"href":"https:\/\/new.villa-arson.fr\/en\/wp-json\/wp\/v2\/media?parent=63820"}],"wp:term":[{"taxonomy":"category","embeddable":true,"href":"https:\/\/new.villa-arson.fr\/en\/wp-json\/wp\/v2\/categories?post=63820"},{"taxonomy":"post_tag","embeddable":true,"href":"https:\/\/new.villa-arson.fr\/en\/wp-json\/wp\/v2\/tags?post=63820"}],"curies":[{"name":"wp","href":"https:\/\/api.w.org\/{rel}","templated":true}]}}